{"id":10028,"date":"2026-09-05T08:39:07","date_gmt":"2026-09-05T06:39:07","guid":{"rendered":"https:\/\/takpraha.cz\/?p=10028"},"modified":"2026-09-05T08:39:08","modified_gmt":"2026-09-05T06:39:08","slug":"poradnik-2026-9","status":"publish","type":"post","link":"https:\/\/takpraha.cz\/index.php\/2026\/09\/05\/poradnik-2026-9\/","title":{"rendered":"Poradn\u00edk \u2013 2026 \u2013 9"},"content":{"rendered":"\n<p class=\"wp-block-paragraph\">Bou\u0159e dozn\u00edv\u00e1, v zahrad\u00e1ch r\u016f\u017ee vadnou<br>l\u00e9ta ub\u00fdv\u00e1 a noci l\u00e1sky chladnou<br>v\u0161echno byl jen sen, kter\u00fd se lehce ztrat\u00ed<br>mlhy n\u00e1s p\u0159epadnou.<br>Josef Kainar<\/p>\n\n\n\n<h2 class=\"wp-block-heading\"><strong>ZPR\u00c1VY Z RADY<\/strong><\/h2>\n\n\n\n<ul class=\"wp-block-list\">\n<li>Po l\u00e9t\u011b se na v\u00e1s Rada t\u011b\u0161\u00ed na tradi\u010dn\u00ed sch\u016fzi <strong>v Tyr\u0161\u00e1ku v pond\u011bl\u00ed 7.9. od 18:00 v posluch\u00e1rn\u011b 1.<\/strong><\/li>\n\n\n\n<li>D\u011bkujeme za hojnou \u00fa\u010dast na \u010dervnov\u00e9 letn\u00ed sch\u016fzi U Ritschell\u016f v Hlubo\u010dep\u00edch.<\/li>\n\n\n\n<li>B\u011bhem podzimu budeme hledat po\u0159adatele akc\u00ed na p\u0159\u00ed\u0161t\u00ed rok. P\u0159em\u00fd\u0161lejte o jarn\u00edm b\u00e1lu a podzimn\u00ed Stezce. N\u00e1m\u011bty na b\u00e1l si p\u0159ipravte na \u0159\u00edjnovou sch\u016fzi, o Stezce se budeme bavit v listopadu, p\u0159\u00edp. v\u00a0prosinci.<\/li>\n\n\n\n<li>Pos\u00edlejte term\u00edny podzimn\u00edch a klidn\u011b u\u017e i jarn\u00edch akc\u00ed. V\u0161e na <a href=\"mailto:poradnik@takpraha.cz\">poradnik@takpraha.cz<\/a>.<\/li>\n<\/ul>\n\n\n\n<h2 class=\"wp-block-heading\"><strong>STANE SE CO NEVID\u011aT<\/strong><\/h2>\n\n\n\n<ul class=\"wp-block-list\">\n<li><strong>11.\u201313.9. |<\/strong> <a href=\"https:\/\/takpraha.cz\/index.php\/2026\/06\/26\/lesni-hry-cerveny-trpaslik-11-13-9-2026\/\"><strong>Lesn\u00ed hry \u010cerven\u00fd trpasl\u00edk<\/strong><\/a>,<\/li>\n\n\n\n<li>Posledn\u00ed m\u00edsta v pos\u00e1dce! <a href=\"https:\/\/docs.google.com\/forms\/d\/e\/1FAIpQLSdYeHGDu8vqkT6LU7NckkJWgQtFpxUblmqCW2DQ18aOHYTYCg\/viewform\">Hlaste se tady<\/a>.<\/li>\n\n\n\n<li><a href=\"https:\/\/docs.google.com\/spreadsheets\/d\/1XqEIMAbw708IPfZoCnIgLZG_iGF1rRGP-uy91ZDlty8\/edit?gid=0#gid=0\">Pracovn\u00edci t\u011b\u017ea\u0159sk\u00e9 lodi<\/a>.<\/li>\n\n\n\n<li>Po\u0159\u00e1daj\u00ed Eli\u0161ka Kub\u00e1tov\u00e1 a Sa\u0161a Fuchs (T23)<\/li>\n\n\n\n<li><strong>18.\u201320.9. |<\/strong> <a href=\"https:\/\/takpraha.cz\/index.php\/2026\/06\/26\/pulta-stezka-18-20-9-2026\/\"><strong>P\u016flt\u00e1 Stezka<\/strong><\/a> v <a href=\"https:\/\/www.starline.cz\/rekreacni-stredisko-hrachov\">rekrea\u010dn\u00edm st\u0159edisku Hrachov<\/a><\/li>\n\n\n\n<li>P\u0159ihl\u00e1\u0161eno 41 lid\u00ed, po\u0159\u00e1d\u00e1 Jenda Walter (T3)<\/li>\n\n\n\n<li>Last minute voln\u00e1 m\u00edsta \u2013 hlaste se na <a href=\"mailto:jan.walter@email.cz\">jan.walter@email.cz<\/a> do 6.9.<\/li>\n<\/ul>\n\n\n\n<h2 class=\"wp-block-heading\"><strong>STANE SE POZD\u011aJI<\/strong><\/h2>\n\n\n\n<ul class=\"wp-block-list\">\n<li><strong>9.\u201311.10 |<\/strong> <a href=\"https:\/\/takpraha.cz\/index.php\/2026\/09\/04\/zakonceni-cyklosezony-9-11-10-2026\/\"><strong>Zakon\u010den\u00ed cyklosez\u00f3ny<\/strong><\/a><strong>\u00a0<\/strong><\/li>\n\n\n\n<li><a href=\"https:\/\/bouchalka.cz\/\">hotel Bouchalka<\/a> na K\u0159ivokl\u00e1tsku, po\u0159\u00e1daj\u00ed Moravcovi (T16)<\/li>\n\n\n\n<li>P\u0159ihl\u00e1\u0161ky co nejd\u0159\u00edve na <a href=\"mailto:moravec.karel@atlas.cz\">moravec.karel@atlas.cz<\/a> spole\u010dn\u011b se z\u00e1lohou 1 560 K\u010d na \u00fa\u010det 533507023\/0800. V mailu uve\u010fte, zda v sobotu na kolech chcete ob\u011bd, pol\u00e9vku nebo oboje.<\/li>\n\n\n\n<li><strong>15.12. |<\/strong> <a href=\"https:\/\/takpraha.cz\/index.php\/2026\/03\/01\/koledovani-u-apolinare-15-12-2026\/\"><strong>Koledov\u00e1n\u00ed u Apolin\u00e1\u0159e<\/strong><\/a><\/li>\n<\/ul>\n\n\n\n<h2 class=\"wp-block-heading\"><strong>STALO SE<\/strong><\/h2>\n\n\n\n<ul class=\"wp-block-list\">\n<li>Koncem \u010dervna se rozmanit\u00e1 panTAKov\u00e1 spole\u010dnost se\u0161la na <a href=\"https:\/\/takpraha.cz\/index.php\/2026\/06\/29\/takova-letni-schuze-29-6-2026\/\"><strong>letn\u00ed sch\u016fzi u Ritschell\u016f<\/strong><\/a> v\u00a0Hlubo\u010dep\u00edch. \u00da\u010dast byla hojn\u00e1, muzika \u00fadern\u00e1, zp\u00edvalo se, pov\u00eddalo i tan\u010dilo. Po\u010das\u00ed n\u00e1m p\u0159\u00e1lo a\u00a0bylo to moc fajn letn\u00ed lad\u011bn\u00ed.<\/li>\n\n\n\n<li>Pod Ple\u0161ivcem 15.7. konal tradi\u010dn\u00ed <strong>Patn\u00e1ctkov\u00fd ple\u0161iveck\u00fd potlach<\/strong>. Akce u\u017e to d\u00e1vno nen\u00ed jen patn\u00e1ctkov\u00e1, co\u017e ale nic nem\u011bn\u00ed na tom, \u017ee je velmi poveden\u00e1. Jak se m\u016f\u017eete do\u010d\u00edst v <a href=\"https:\/\/takpraha.cz\/index.php\/2026\/07\/15\/tradicni-patnactkovy-plesivesky-potlach-15-7-2026\/\">\u010dl\u00e1nku od dom\u00e1c\u00ed i hostuj\u00edc\u00ed<\/a>.<\/li>\n\n\n\n<li><strong>Na keblansk\u00e9 louce<\/strong> se odehr\u00e1ly \u010dty\u0159i turnusy t\u00e1bor\u016f: \u010e\u00e1bl\u00edci, Objevitel\u00e9 (Pir\u00e1tsk\u00e1 v\u00fdprava za medailonem Rudovousova bratra \u010cernovouse), <a href=\"https:\/\/takpraha.cz\/index.php\/2026\/08\/16\/fenixove-mezi-bandity-divokeho-zapadu\/\">F\u00e9nixov\u00e9 (Bandit\u00e9 divok\u00e9ho z\u00e1padu)<\/a> a Vlci (Asterix a Obelix). Such\u00e9 l\u00e9to se projevilo na n\u00edzk\u00e9 hladin\u011b potoka a mno\u017estv\u00ed vos, n\u011bkter\u00e9 t\u00e1bory \u00fasp\u011b\u0161n\u011b p\u0159est\u00e1ly n\u00e1v\u0161t\u011bvu hygieny (velk\u00e1 gratulace!) a nyn\u00ed u\u017e je v\u0161e sbaleno v pevnosti a v b\u00fdval\u00e9 \u0161kole v\u00a0Nesmeni.<\/li>\n\n\n\n<li>V <strong>Peruci<\/strong> mal\u00ed n\u00e1mo\u0159n\u00edci znovu <a href=\"https:\/\/takpraha.cz\/index.php\/2026\/08\/02\/2026-peruc\/\">objevovali nov\u00e9 ostrovy<\/a> v doprovodu rodi\u010d\u016f i prarodi\u010d\u016f.<\/li>\n\n\n\n<li><strong>Patn\u00e1ctka<\/strong> si za svou sb\u00edrku pro Jind\u0159ichohradeck\u00e9 m\u00edstn\u00ed dr\u00e1hy vybrala jednodenn\u00ed pobyt v n\u00e1dra\u017e\u00ed H\u016frky. Pachatel\u00e9 se tak vr\u00e1tili na m\u00edsto \u010dinu, proto\u017ee tam v roce 2000 po\u0159\u00e1dali zakon\u010den\u00ed 42. Stezky. O kr\u00e1sn\u00e9m dejavu si m\u016f\u017eete p\u0159e\u010d\u00edst v <a href=\"https:\/\/takpraha.cz\/index.php\/2026\/08\/07\/pachatele-se-vraci-na-misto-cinu\/\">\u010dl\u00e1nku od L\u00e1di Hlavat\u00e9ho<\/a> s fotkami Ivana Fridricha.<\/li>\n\n\n\n<li>Dev\u011bt state\u010dn\u00fdch cyklist\u016f pod veden\u00edm Jirky Kl\u00edmy ukouslo na kolech zas dal\u0161\u00ed kus <strong>Polab\u00ed<\/strong> na ji\u017e tradi\u010dn\u00edm v\u00fdjezdu koncem l\u00e9ta. Podrobnosti (a t\u0159eba tipy na v\u00fdlet) v <a href=\"https:\/\/takpraha.cz\/index.php\/2026\/08\/29\/cyklo-kolem-polabi\/\">\u010dl\u00e1nku od Soni Va\u0161icov\u00e9.<\/a>\u00a0<\/li>\n<\/ul>\n\n\n\n<h2 class=\"wp-block-heading\"><\/h2>\n\n\n\n<h2 class=\"wp-block-heading\"><strong>SMUTN\u00c9 ZPR\u00c1VY<\/strong><\/h2>\n\n\n\n<ul class=\"wp-block-list\">\n<li><a href=\"https:\/\/takpraha.cz\/index.php\/2026\/09\/04\/dama-s-kosou-se-prohnala-desitkou\/\">D\u00e1ma s kosou se prohnala Des\u00edtkou.<\/a> Zpr\u00e1va od \u0161\u00e9fa Michala Borgese: V jeden den ode\u0161li dva na\u0161i kamar\u00e1di z trasy 10 a kr\u00e1tce na to dal\u0161\u00ed. <strong>Hanka Rackov\u00e1<\/strong>, velk\u00e1 sportovkyn\u011b s otev\u0159en\u00fdm srdcem pro ka\u017ed\u00e9ho, s n\u00e1mi posledn\u00ed roky, pot\u00e9 co ode\u0161el Milo\u0161, u\u017e nejezdila. <strong>Jen\u00edk Toufar<\/strong>, horolezec, v\u00e1\u0161niv\u00fd cyklista, hejtman Spanilky a hlavn\u011b \u00fa\u017easn\u00fd a skromn\u00fd chlap, kter\u00e9ho m\u011bl ka\u017ed\u00fd r\u00e1d. Rozlu\u010dka s n\u00edm prob\u011bhla 27.8. ve Vysok\u00e9 Peci. V srpnu ode\u0161la i <strong>Ivana Kon\u00fdvkov\u00e1<\/strong>. Up\u0159\u00edmnou soustrast cel\u00e9 trase a\u00a0Horoodd\u00edlu.<\/li>\n\n\n\n<li>V \u010dervenci ode\u0161el <strong>Petr \u201cPitris\u201d \u0160irok\u00fd<\/strong>. Kdysi chodil s Dvojkou, kdo jste ho znali, v\u011bnujte vzpom\u00ednku.<\/li>\n<\/ul>\n\n\n\n<h2 class=\"wp-block-heading\"><strong>ZE SPOLE\u010cNOSTI<\/strong><\/h2>\n\n\n\n<ul class=\"wp-block-list\">\n<li>Zpr\u00e1va z Horo: Va\u0161ek \u0158eh\u00e1k (T20) se spolulezcem Davidem Mari\u010d\u00e1kem p\u0159elezl severn\u00ed st\u011bnu Velk\u00e9 Cimy v Dolomitech slavnou cestou Comici Dimai Dimai.\u00a0<\/li>\n\n\n\n<li>Wickie Ryvolov\u00e1 s Va\u0161kem Lomi\u010dem (T4) jsou tentokr\u00e1t na Alja\u0161ce. Zpr\u00e1vy a fotky z jejich dobrodru\u017estv\u00ed najdete na FB a na <a href=\"https:\/\/www.4trasa.cz\/article.php?story=2026-aljaska\">\u010dty\u0159kov\u00fdch str\u00e1nk\u00e1ch<\/a>.<\/li>\n\n\n\n<li>Hudebn\u00ed rozlou\u010den\u00ed s l\u00e9tem 1.9. u Koutsk\u00fdch se povedlo. <a href=\"https:\/\/www.4trasa.cz\/mediagallery\/album.php?aid=672\">Fotky Ivana \u0160. najdete tady<\/a>.<\/li>\n\n\n\n<li>T\u00e1borov\u00e1 louka slav\u00ed kulatiny <a href=\"https:\/\/takpraha.cz\/index.php\/2026\/08\/31\/taborova-louka-slavi-kulatiny\/\">v\u00edce v \u010dl\u00e1nku Ver\u010di Jiravov\u00e9<\/a>. Ver\u010da pros\u00ed o fotky z t\u00e1bor\u016f i ty historick\u00e9. Poda\u0159\u00ed se n\u00e1m m\u00edt z ka\u017ed\u00e9ho t\u00e1borov\u00e9ho roku alespo\u0148 jednu? Pos\u00edlejte, pros\u00edm, na <a href=\"mailto:verberka@gmail.com\">verberka@gmail.com<\/a>.<\/li>\n\n\n\n<li>Na Sedmn\u00e1ctce se <a href=\"https:\/\/trasa17.takpraha.cz\/clanky\/2026-oslavy-v-ondrejove-172\">slavily sto \u010dty\u0159ic\u00e1tiny<\/a>.<\/li>\n<\/ul>\n\n\n\n<h2 class=\"wp-block-heading\"><strong>TIPY KULTURN\u00cd I JIN\u00c9<\/strong><\/h2>\n\n\n\n<ul class=\"wp-block-list\">\n<li>Pozv\u00e1nky od Ireny Koutsk\u00e9 (T14):<\/li>\n\n\n\n<li><strong>S Pavlem Rychetskym<\/strong>, emeritn\u00edm p\u0159edsedou \u00dastavn\u00edho soudu o jeho \u00faloze v nyn\u011bj\u0161\u00ed rozv\u00ed\u0159en\u00e9 dob\u011b. <strong>\u00dater\u00fd 8.9. v 18.30<\/strong> v hole\u0161ovick\u00e9 kav\u00e1rn\u011b Liber\u00e1l (<a href=\"https:\/\/www.google.com\/maps\/search\/Hermanova+6,+Praha+%C2%A07?entry=gmail&amp;source=g\">Hermanova 6<\/a>). Nutn\u00e1 rezervace mailem na <a href=\"mailto:irena.koutska@gmail.com\">irena.koutska@gmail.com<\/a>.<\/li>\n\n\n\n<li><strong>Hradn\u00ed kaple Karl\u0161tejna s Irenou<\/strong>: Zvu na dechberouc\u00ed n\u00e1v\u0161t\u011bvu hradn\u00edch kapl\u00ed, kter\u00e1 je mo\u017en\u00e1 ve skupin\u011b max. 16 \u00fa\u010dastn\u00edk\u016f do konce \u0159\u00edjna. A ta oupln\u011b m\u00e9mu srdci nejdra\u017e\u0161\u00ed, zcela p\u016fvodn\u00ed gotick\u00e1 kapli\u010dka sv. Kate\u0159iny, bude v nejbli\u017e\u0161\u00ed dob\u011b uzav\u0159ena kv\u016fli restaur\u00e1torsk\u00fdm pracem. Term\u00edny prohl\u00eddek: 5., 6., 8., 9., a 11.9. A v \u0159\u00edjnu 2., 3., 4., 13., 14., 16. a 31.10. Vstupenky ur\u010dit\u011b p\u0159edem <a href=\"https:\/\/www.hrad-karlstejn.cz\/cs\">tady<\/a>. Kdy\u017e d\u00e1te dohromady 16\u00a0osob, d\u00e1 se domluvit term\u00edn nav\u00edc.<\/li>\n\n\n\n<li><strong>Dr\u00e1ha Lite\u0148ka<\/strong> slav\u00ed 125 let, a proto v <strong>sobotu 5.9.<\/strong> bude ze Sm\u00edchova jezdit historick\u00fd Hurv\u00ednek. J\u00edzdn\u00ed \u0159\u00e1d, prodej j\u00edzdenek a dal\u0161\u00ed doprovodn\u00fd program pro mal\u00e9 i velk\u00e9 \u0161otou\u0161e najdete na <a href=\"https:\/\/www.mestysliten.cz\/kompletni%2Djizdni%2Drad%2Dlitenky%2Dodkaz%2Dna%2Dzakoupeni%2Djizdenky%2Don%2Dline%2D5%2Dzari%2D2026\/d-4851\">str\u00e1nk\u00e1ch m\u011bstyse Lite\u0148<\/a>. Zve Zden\u011bk Moure\u010dek (T20).<\/li>\n\n\n\n<li><strong>V Jinc\u00edch<\/strong> na P\u0159\u00edbramsku je otev\u0159ena nov\u011b zrekonstruovan\u00e1 pozdn\u011b barokn\u00ed d\u0159evouheln\u00e1 <a href=\"https:\/\/www.hutbarbora.cz\/\"><strong>Hu\u0165 Barbora<\/strong><\/a>. Doporu\u010duju komentovanou prohl\u00eddku \u2013 dozv\u00edte se toho opravdu hodn\u011b zaj\u00edmav\u00e9ho o\u00a0v\u00fdrob\u011b \u017eeleza i o m\u00edstn\u00ed pr\u016fmyslov\u00e9 a t\u011b\u017eebn\u00ed historii. Objekt se stal kulturn\u00edm centrem Jinc\u016f, sou\u010d\u00e1st\u00ed are\u00e1lu je tak\u00e9 ob\u010derstven\u00ed a kulturn\u00ed s\u00e1l \u2013 mo\u017en\u00e1 by se tam dala uspo\u0159\u00e1dat i n\u011bjak\u00e1 trasov\u00e1 \u010di TAKov\u00e1 akce. A v\u016fbec je cel\u00e1 lokalita Jinecka a b\u00fdval\u00e9ho vojensk\u00e9ho prostoru opom\u00edjen\u00e1 a p\u0159itom moc kr\u00e1sn\u00e1. Doporu\u010duje Ka\u010dka Re\u017en\u00e1 (T20).<\/li>\n\n\n\n<li>Tane\u010dn\u00ed \u0161kola <a href=\"https:\/\/zig-zag.cz\/udalosti\/\">Zig Zag<\/a> zve na tan\u010d\u00edrny a uk\u00e1zkov\u00e9 <strong>lekce swingu<\/strong>. Doporu\u010duje Hanka \u010cin\u00e1tlov\u00e1 (T15).<\/li>\n<\/ul>\n\n\n\n<h2 class=\"wp-block-heading\"><strong>NA KONEC<\/strong><\/h2>\n\n\n\n<p class=\"wp-block-paragraph\">Abychom neum\u0159eli blb\u00ed: co je to bab\u00ed l\u00e9to z meteorologick\u00e9ho hlediska, se m\u016f\u017eete pod\u00edvat na <a href=\"https:\/\/www.stream.cz\/otazky-a-odpovedi\/jak-pozname-babi-leto-64101192\">videu \u010cesk\u00e9ho hydrometeorologick\u00e9ho \u00fastavu<\/a>.&nbsp;<\/p>\n\n\n\n<p class=\"wp-block-paragraph\">Po hork\u00e9m l\u00e9tu p\u0159ejeme vl\u00eddn\u00e9 z\u00e1\u0159\u00ed!<\/p>\n\n\n\n<p class=\"wp-block-paragraph\">Rada TAKu<\/p>\n\n\n\n<p class=\"wp-block-paragraph\"><\/p>\n","protected":false},"excerpt":{"rendered":"<p>Bou\u0159e dozn\u00edv\u00e1, v zahrad\u00e1ch r\u016f\u017ee vadnoul\u00e9ta ub\u00fdv\u00e1 a noci l\u00e1sky chladnouv\u0161echno byl jen sen, kter\u00fd se lehce ztrat\u00edmlhy n\u00e1s p\u0159epadnou.Josef<\/p>\n","protected":false},"author":7,"featured_media":0,"comment_status":"closed","ping_status":"open","sticky":false,"template":"","format":"standard","meta":{"colormag_page_container_layout":"default_layout","colormag_page_sidebar_layout":"default_layout","inline_featured_image":false,"ngg_post_thumbnail":0,"footnotes":""},"categories":[189,2],"tags":[176,16],"class_list":["post-10028","post","type-post","status-publish","format-standard","hentry","category-2026-poradniky","category-poradniky","tag-176","tag-poradnik"],"_links":{"self":[{"href":"https:\/\/takpraha.cz\/index.php\/wp-json\/wp\/v2\/posts\/10028","targetHints":{"allow":["GET"]}}],"collection":[{"href":"https:\/\/takpraha.cz\/index.php\/wp-json\/wp\/v2\/posts"}],"about":[{"href":"https:\/\/takpraha.cz\/index.php\/wp-json\/wp\/v2\/types\/post"}],"author":[{"embeddable":true,"href":"https:\/\/takpraha.cz\/index.php\/wp-json\/wp\/v2\/users\/7"}],"replies":[{"embeddable":true,"href":"https:\/\/takpraha.cz\/index.php\/wp-json\/wp\/v2\/comments?post=10028"}],"version-history":[{"count":1,"href":"https:\/\/takpraha.cz\/index.php\/wp-json\/wp\/v2\/posts\/10028\/revisions"}],"predecessor-version":[{"id":10029,"href":"https:\/\/takpraha.cz\/index.php\/wp-json\/wp\/v2\/posts\/10028\/revisions\/10029"}],"wp:attachment":[{"href":"https:\/\/takpraha.cz\/index.php\/wp-json\/wp\/v2\/media?parent=10028"}],"wp:term":[{"taxonomy":"category","embeddable":true,"href":"https:\/\/takpraha.cz\/index.php\/wp-json\/wp\/v2\/categories?post=10028"},{"taxonomy":"post_tag","embeddable":true,"href":"https:\/\/takpraha.cz\/index.php\/wp-json\/wp\/v2\/tags?post=10028"}],"curies":[{"name":"wp","href":"https:\/\/api.w.org\/{rel}","templated":true}]}}