{"id":1231,"date":"2015-10-14T17:54:54","date_gmt":"2015-10-14T15:54:54","guid":{"rendered":"https:\/\/www.takpraha.cz\/wp\/?p=1231"},"modified":"2023-03-27T22:58:13","modified_gmt":"2023-03-27T20:58:13","slug":"stezka-30-a-pul","status":"publish","type":"post","link":"https:\/\/takpraha.cz\/index.php\/2015\/10\/14\/stezka-30-a-pul\/","title":{"rendered":"Stezka 30 a p\u016fl"},"content":{"rendered":"\n<p>8. \u2013 10. 5. 2015<\/p>\n\n\n\n<p class=\"has-medium-font-size\">Mari\u00e1nsko\u2013l\u00e1ze\u0148sko<\/p>\n\n\n\n<p>Za kr\u00e1sn\u00e9ho jarn\u00edho po\u010das\u00ed se velmi povedla. Byly lou\u010dky s muzikou i s \u0159\u00edze\u010dky. Z\u00e1stupci Tras nav\u0161t\u00edvili Cheb, Dyle\u0148 a Chodovou Planou, v\u011bt\u0161ina byla v L\u00e1zn\u00edch Kyn\u017evart a \u00fapln\u011b v\u0161ichni byli v Mari\u00e1nsk\u00fdch L\u00e1zn\u00edch. Dv\u011b d\u011bv\u010data stihla v Mari\u00e1nk\u00e1ch o sobotn\u00edm ve\u010deru konec koncertu bo\u017esk\u00e9ho Kaj\u00ed a shl\u00e9dla oh\u0148ostroj u p\u0159\u00edle\u017eitosti zah\u00e1jen\u00ed l\u00e1ze\u0148sk\u00e9 sez\u00f3ny. <\/p>\n\n\n\n<p>Sobotn\u00ed \u00fast\u0159ed\u011bn\u00ed v hosp\u016fdce U R\u016f\u017eenky ve T\u0159ech Seker\u00e1ch se uk\u00e1zalo jako velmi proz\u00edrav\u00e9, d\u00e9\u0161\u0165 n\u00e1s t\u00edm p\u00e1dem nezasko\u010dil. Sezen\u00ed nat\u011bsno a kumulace muzikant\u016f ve v\u00fd\u010depn\u00ed m\u00edstnosti nadm\u00edru rozjasnilo tv\u00e1\u0159e v\u0161ech \u00fa\u010dastn\u00edk\u016f, n\u011bkter\u00e9 i rozja\u0159ilo\u2026 Person\u00e1l byl naprosto skv\u011bl\u00fd a postupem \u010dasu tak\u00e9 velmi u\u017easl\u00fd. Uspokojit 72 \u017e\u00edzniv\u00fdch hrdel najednou nebylo jednoduch\u00e9, nato\u017epak nakrmit! Zvl\u00e1dl i situaci se sn\u011bden\u00fdm vegetari\u00e1nsk\u00fdm ob\u011bdem. T\u011b\u017eko se odch\u00e1zelo do ve\u010dern\u00edch hosp\u016fdek a nocle\u017ei\u0161t\u011b.<\/p>\n\n\n\n<p>Do TAKov\u00e9 pokladny z t\u00e9to akce p\u0159ibylo 114 a 118 korun.&nbsp;<\/p>\n\n\n\n<p>JaVor T14<\/p>\n","protected":false},"excerpt":{"rendered":"<p>8. \u2013 10. 5. 2015 Mari\u00e1nsko\u2013l\u00e1ze\u0148sko Za kr\u00e1sn\u00e9ho jarn\u00edho po\u010das\u00ed se velmi povedla. Byly lou\u010dky s muzikou i s \u0159\u00edze\u010dky.<\/p>\n","protected":false},"author":2,"featured_media":0,"comment_status":"open","ping_status":"open","sticky":false,"template":"","format":"standard","meta":{"colormag_page_layout":"left_sidebar","inline_featured_image":false,"ngg_post_thumbnail":0,"footnotes":""},"categories":[29,99,10,96,104],"tags":[89,53,48,19,11],"class_list":["post-1231","post","type-post","status-publish","format-standard","hentry","category-clanky","category-clanky-akce","category-clanky-stezka","category-stalo_se","category-stalo-se-archiv","tag-89","tag-akce","tag-clanek","tag-pulka","tag-stezka"],"_links":{"self":[{"href":"https:\/\/takpraha.cz\/index.php\/wp-json\/wp\/v2\/posts\/1231","targetHints":{"allow":["GET"]}}],"collection":[{"href":"https:\/\/takpraha.cz\/index.php\/wp-json\/wp\/v2\/posts"}],"about":[{"href":"https:\/\/takpraha.cz\/index.php\/wp-json\/wp\/v2\/types\/post"}],"author":[{"embeddable":true,"href":"https:\/\/takpraha.cz\/index.php\/wp-json\/wp\/v2\/users\/2"}],"replies":[{"embeddable":true,"href":"https:\/\/takpraha.cz\/index.php\/wp-json\/wp\/v2\/comments?post=1231"}],"version-history":[{"count":2,"href":"https:\/\/takpraha.cz\/index.php\/wp-json\/wp\/v2\/posts\/1231\/revisions"}],"predecessor-version":[{"id":3787,"href":"https:\/\/takpraha.cz\/index.php\/wp-json\/wp\/v2\/posts\/1231\/revisions\/3787"}],"wp:attachment":[{"href":"https:\/\/takpraha.cz\/index.php\/wp-json\/wp\/v2\/media?parent=1231"}],"wp:term":[{"taxonomy":"category","embeddable":true,"href":"https:\/\/takpraha.cz\/index.php\/wp-json\/wp\/v2\/categories?post=1231"},{"taxonomy":"post_tag","embeddable":true,"href":"https:\/\/takpraha.cz\/index.php\/wp-json\/wp\/v2\/tags?post=1231"}],"curies":[{"name":"wp","href":"https:\/\/api.w.org\/{rel}","templated":true}]}}