{"id":1390,"date":"2006-11-26T19:37:00","date_gmt":"2006-11-26T18:37:00","guid":{"rendered":"https:\/\/www.takpraha.cz\/wp\/?p=1390"},"modified":"2026-03-13T14:01:09","modified_gmt":"2026-03-13T13:01:09","slug":"lesni-hry-2006","status":"publish","type":"post","link":"https:\/\/takpraha.cz\/index.php\/2006\/11\/26\/lesni-hry-2006\/","title":{"rendered":"Lesn\u00ed hry 2006"},"content":{"rendered":"\n<h4 class=\"has-text-align-center wp-block-heading\"><strong>Lokohr\u00e1tky 15. \u2013 17. 9. 2006<\/strong><\/h4>\n\n\n\n<p>\u0158\u00edd\u00edc\u00ed v\u00fdbor akciov\u00e9 spole\u010dnosti LokoHr\u00e1tky<\/p>\n\n\n\n<ul class=\"wp-block-list\"><li>Kate\u0159ina Hlavat\u00e1 Odbor vnit\u0159n\u00ed a vn\u011bj\u0161\u00ed komunikace (O27) gener\u00e1ln\u00edho \u0159editele \u010cD<\/li><li>Veronika Jiravov\u00e1 &#8211; Odbor krizov\u00e9ho \u0159\u00edzen\u00ed a bezpe\u010dnosti (030) n\u00e1m\u011bstka gener\u00e1ln\u00edho \u0159editele \u010cD pro dopravn\u00ed cestu<\/li><li>Petr Mis\u00edk &#8211; Koordin\u00e1tor pr\u016f\u0159ezov\u00fdch \u010dinnost\u00ed gener\u00e1ln\u00edho \u0159editelstv\u00ed \u010cD<\/li><li>Monika Mis\u00edkov\u00e1 &#8211; Odbor ochrany \u017eivotn\u00edho prost\u0159ed\u00ed (O28) n\u00e1m\u011bstka gener\u00e1ln\u00edho \u0159editele \u010cD pro dopravn\u00ed cestu<\/li><li>Michal Re\u017en\u00fd &#8211; Odbor stragie a informatiky (O26) gener\u00e1ln\u00edho \u0159editele \u010cD<\/li><li>V\u00e1clav \u0158eh\u00e1k &#8211; Odbor stragie a informatiky (O26) gener\u00e1ln\u00edho \u0159editele \u010cD<\/li><li>Tom\u00e1\u0161 Sou\u010dek &#8211; Technick\u00e1 \u00fast\u0159edna \u010cersk\u00fdch drah (T\u00da\u010cD) n\u00e1m\u011bstka gener\u00e1ln\u00edho \u0159editele \u010cD pro dopravn\u00ed cestu<\/li><li>V\u00e1clav Votruba &#8211; Inspektor\u00e1t bezpe\u010dnosti \u017eelezni\u010dn\u00ed dopravy (O18) n\u00e1m\u011bstka gener\u00e1ln\u00edho \u0159editele \u010cD pro n\u00e1kladn\u00ed dopravu <\/li><li>Dvac\u00edtka <\/li><\/ul>\n\n\n\n<p><\/p>\n","protected":false},"excerpt":{"rendered":"<p>Lokohr\u00e1tky 15. \u2013 17. 9. 2006 \u0158\u00edd\u00edc\u00ed v\u00fdbor akciov\u00e9 spole\u010dnosti LokoHr\u00e1tky Kate\u0159ina Hlavat\u00e1 Odbor vnit\u0159n\u00ed a vn\u011bj\u0161\u00ed komunikace (O27) gener\u00e1ln\u00edho<\/p>\n","protected":false},"author":4,"featured_media":0,"comment_status":"open","ping_status":"closed","sticky":false,"template":"","format":"standard","meta":{"colormag_page_layout":"left_sidebar","inline_featured_image":false,"ngg_post_thumbnail":0,"footnotes":""},"categories":[29],"tags":[35,53,48,30],"class_list":["post-1390","post","type-post","status-publish","format-standard","hentry","category-clanky","tag-35","tag-akce","tag-clanek","tag-lesni-hry"],"_links":{"self":[{"href":"https:\/\/takpraha.cz\/index.php\/wp-json\/wp\/v2\/posts\/1390","targetHints":{"allow":["GET"]}}],"collection":[{"href":"https:\/\/takpraha.cz\/index.php\/wp-json\/wp\/v2\/posts"}],"about":[{"href":"https:\/\/takpraha.cz\/index.php\/wp-json\/wp\/v2\/types\/post"}],"author":[{"embeddable":true,"href":"https:\/\/takpraha.cz\/index.php\/wp-json\/wp\/v2\/users\/4"}],"replies":[{"embeddable":true,"href":"https:\/\/takpraha.cz\/index.php\/wp-json\/wp\/v2\/comments?post=1390"}],"version-history":[{"count":1,"href":"https:\/\/takpraha.cz\/index.php\/wp-json\/wp\/v2\/posts\/1390\/revisions"}],"predecessor-version":[{"id":1391,"href":"https:\/\/takpraha.cz\/index.php\/wp-json\/wp\/v2\/posts\/1390\/revisions\/1391"}],"wp:attachment":[{"href":"https:\/\/takpraha.cz\/index.php\/wp-json\/wp\/v2\/media?parent=1390"}],"wp:term":[{"taxonomy":"category","embeddable":true,"href":"https:\/\/takpraha.cz\/index.php\/wp-json\/wp\/v2\/categories?post=1390"},{"taxonomy":"post_tag","embeddable":true,"href":"https:\/\/takpraha.cz\/index.php\/wp-json\/wp\/v2\/tags?post=1390"}],"curies":[{"name":"wp","href":"https:\/\/api.w.org\/{rel}","templated":true}]}}