{"id":2560,"date":"2022-04-28T15:15:03","date_gmt":"2022-04-28T13:15:03","guid":{"rendered":"https:\/\/takpraha.cz\/?p=2560"},"modified":"2023-04-28T18:31:44","modified_gmt":"2023-04-28T16:31:44","slug":"poradnik-05-2022","status":"publish","type":"post","link":"https:\/\/takpraha.cz\/index.php\/2022\/04\/28\/poradnik-05-2022\/","title":{"rendered":"Poradn\u00edk 2022-05"},"content":{"rendered":"\n<div class=\"wp-block-columns alignfull is-layout-flex wp-container-core-columns-is-layout-28f84493 wp-block-columns-is-layout-flex\">\n<div class=\"wp-block-column is-layout-flow wp-block-column-is-layout-flow\">\n<figure class=\"wp-block-image alignleft size-full is-resized\"><img decoding=\"async\" src=\"https:\/\/takpraha.cz\/wp-content\/uploads\/2022\/01\/logo@2x.png\" alt=\"TAK\" class=\"wp-image-1787\" width=\"150\" srcset=\"https:\/\/takpraha.cz\/wp-content\/uploads\/2022\/01\/logo@2x.png 300w, https:\/\/takpraha.cz\/wp-content\/uploads\/2022\/01\/logo@2x-293x300.png 293w\" sizes=\"(max-width: 300px) 100vw, 300px\" \/><\/figure>\n\n\n\n<p><strong>Vyd\u00e1no pouze pro vnit\u0159n\u00ed pot\u0159ebu TAK<br>I\u010cO: 00199214, \u00fa\u010det \u010d. 2000317496\/2010<br>S\u00eddlo: Mal\u00e1 \u0160tupartsk\u00e1 646\/1, 110 00 Praha 1<br>Elektronick\u00e1 po\u0161ta:&nbsp;<\/strong><a href=\"mailto:rada@tak.praha.cz\"><strong>rada@takpraha.cz<\/strong><\/a><\/p>\n<\/div>\n\n\n\n<div class=\"wp-block-column is-layout-flow wp-block-column-is-layout-flow\">\n<figure class=\"wp-block-image size-large\"><img loading=\"lazy\" decoding=\"async\" width=\"1024\" height=\"484\" src=\"https:\/\/takpraha.cz\/wp-content\/uploads\/2022\/04\/2022-0515-stezka-64-obr-1024x484.jpg\" alt=\"\" class=\"wp-image-2605\" srcset=\"https:\/\/takpraha.cz\/wp-content\/uploads\/2022\/04\/2022-0515-stezka-64-obr-1024x484.jpg 1024w, https:\/\/takpraha.cz\/wp-content\/uploads\/2022\/04\/2022-0515-stezka-64-obr-300x142.jpg 300w, https:\/\/takpraha.cz\/wp-content\/uploads\/2022\/04\/2022-0515-stezka-64-obr-768x363.jpg 768w, https:\/\/takpraha.cz\/wp-content\/uploads\/2022\/04\/2022-0515-stezka-64-obr-1536x726.jpg 1536w, https:\/\/takpraha.cz\/wp-content\/uploads\/2022\/04\/2022-0515-stezka-64-obr.jpg 1770w\" sizes=\"auto, (max-width: 1024px) 100vw, 1024px\" \/><\/figure>\n<\/div>\n<\/div>\n\n\n\n<p><strong>MOTTO<\/strong><\/p>\n\n\n\n<p>** Politika je bezmocn\u00e1 proti fanatismu. Jedinou zbran\u00ed proti tomuto netvoru je rozum. Jedin\u00fd zp\u016fsob, jak zabr\u00e1nit lidem upadnout do absurdnosti a zloby, je pou\u010dit je. [Voltaire, francouzsk\u00fd spisovatel a filozof 1694 \u2013 1778] <br>** U \u0161ikany je hlavn\u00ed c\u00edl, aby ji ten, komu se d\u011bje, naplno zaregistroval. \u0160ikana, kter\u00e9 si ob\u011b\u0165 nev\u0161imne, to je prost\u011b nemo\u017enost. [Haruki Murakami, kniha 1Q84]<\/p>\n\n\n\n<hr class=\"wp-block-separator has-css-opacity aligncenter is-style-default\"\/>\n\n\n\n<p><strong>ZPR\u00c1VY Z RADY<\/strong><\/p>\n\n\n\n<p><img loading=\"lazy\" decoding=\"async\" width=\"30\" height=\"30\" class=\"wp-image-973\" style=\"width: 30px;\" src=\"https:\/\/takpraha.cz\/wp-content\/uploads\/2021\/11\/icon-znak-tak.gif\" alt=\"\"> Rada zve na \u010dlenskou&nbsp;<strong>sch\u016fzi TAK<\/strong>, kter\u00e1 bude v pond\u011bl\u00ed&nbsp;<strong>2. kv\u011btna 2022&nbsp;<\/strong>od 18 hodin, Tyr\u0161\u016fv d\u016fm, 2. patro, posluch\u00e1rna \u010d. 1.<\/p>\n\n\n\n<p><img loading=\"lazy\" decoding=\"async\" width=\"30\" height=\"30\" class=\"wp-image-973\" style=\"width: 30px;\" src=\"https:\/\/takpraha.cz\/wp-content\/uploads\/2021\/11\/icon-znak-tak.gif\" alt=\"\">  Rada se se\u0161la 25. dubna v Pivn\u00edm baru Blanick\u00e1 28. <br>* Konstatovala, \u017ee mimo\u0159\u00e1dn\u00e1 Valn\u00e1 hromada dopadla dob\u0159e, \u00fa\u010dast byla hojn\u00e1. <br>* Rada jednohlasn\u011b schv\u00e1lila dva <strong>nov\u00e9 \u010dleny<\/strong> TAKu \u2013 Karol\u00edna Valda Kasalov\u00e1 T26 a V\u00e1clav Votruba T20. <br>* Rada hled\u00e1 nov\u00e9 m\u00edsto pro <strong>letn\u00ed sch\u016fzi.<\/strong> Padlo n\u011bkolik n\u00e1vrh\u016f. M\u00edsto nen\u00ed je\u0161t\u011b jasn\u00e9, ale term\u00edn pond\u011bl\u00ed 11. 7. 2022 si rezervujte, ten jasn\u00fd je.<\/p>\n\n\n\n<p><img loading=\"lazy\" decoding=\"async\" width=\"30\" height=\"30\" class=\"wp-image-973\" style=\"width: 30px;\" src=\"https:\/\/takpraha.cz\/wp-content\/uploads\/2021\/11\/icon-znak-tak.gif\" alt=\"\">  O hodinu pozd\u011bji se tamt\u00e9\u017e uskute\u010dnila <strong>Velk\u00e1 rada<\/strong>. <br> * Rokovalo se p\u0159ev\u00e1\u017en\u011b o 64. Stezce.  Dohl\u00e1\u0161ky on-line jsou mo\u017en\u00e9 do 13. kv\u011btna. <br> * Prob\u011bhlo tradi\u010dn\u00ed kole\u010dko \u201eze \u017eivota Tras\u201c. <br> * Konstatovalo se: <\/p>\n\n\n\n<ul class=\"wp-block-list\">\n<li>trend posledn\u00ed doby &#8211; bohu\u017eel <strong>ni\u017e\u0161\u00ed \u00fa\u010dast<\/strong> a ob\u010das i kolize trasov\u00fdch akc\u00ed,<\/li>\n\n\n\n<li>\u00fa\u010dast na TAKov\u00e9m b\u00e1le u\u017e vy\u0161\u0161\u00ed asi nebude, je t\u0159eba s t\u00edm po\u010d\u00edtat,<\/li>\n\n\n\n<li>je pravd\u011bpodobn\u011b nutn\u00e9 po\u010d\u00edtat p\u0159i p\u0159\u00edprav\u011b akce s <strong>ni\u017e\u0161\u00edmi po\u010dty lid\u00ed<\/strong> na akc\u00edch u\u017e p\u0159i pl\u00e1nov\u00e1n\u00ed \u2013 m\u016f\u017ee to znamenat <strong>vy\u0161\u0161\u00ed kalkulaci akc\u00ed<\/strong>,<\/li>\n\n\n\n<li>\u00fabytek je spojen s t\u00edm, \u017ee st\u00e1rneme,<\/li>\n\n\n\n<li>trasov\u00e9 \u017eivoty jsou \u017eiv\u011bj\u0161\u00ed, ne\u017e trasov\u00e9 akce.<\/li>\n<\/ul>\n\n\n\n<p><img loading=\"lazy\" decoding=\"async\" width=\"30\" height=\"30\" class=\"wp-image-973\" style=\"width: 30px;\" src=\"https:\/\/takpraha.cz\/wp-content\/uploads\/2021\/11\/icon-znak-tak.gif\" alt=\"\"> <strong>P\u0159\u00edsp\u011bvky pro rok 2022&nbsp;<\/strong>ve v\u00fd\u0161i 250 K\u010d m\u016f\u017eete platit bankovn\u00edm p\u0159evodem na TAKov\u00fd \u00fa\u010det \u010d. 2000317496\/2010, kde variabiln\u00edm symbolem bude 2022xx&nbsp; (xx je dvoum\u00edstn\u00e9 \u010d\u00edslo Trasy). A ve zpr\u00e1v\u011b pro p\u0159\u00edjemce p\u0159\u00edjmen\u00ed v\u0161ech plat\u00edc\u00edch. P\u0159\u00edpadn\u011b je mo\u017en\u00e9 platit hotov\u011b na \u010dlensk\u00e9 sch\u016fzi TAKu. <\/p>\n\n\n\n<hr class=\"wp-block-separator has-css-opacity aligncenter is-style-default\"\/>\n\n\n\n<figure class=\"wp-block-image alignright size-large is-resized\"><img loading=\"lazy\" decoding=\"async\" src=\"https:\/\/takpraha.cz\/wp-content\/uploads\/2022\/04\/2022-0515-stezka-64-plakat-min-725x1024.jpg\" alt=\"\" class=\"wp-image-2604\" width=\"363\" height=\"512\" srcset=\"https:\/\/takpraha.cz\/wp-content\/uploads\/2022\/04\/2022-0515-stezka-64-plakat-min-725x1024.jpg 725w, https:\/\/takpraha.cz\/wp-content\/uploads\/2022\/04\/2022-0515-stezka-64-plakat-min-213x300.jpg 213w, https:\/\/takpraha.cz\/wp-content\/uploads\/2022\/04\/2022-0515-stezka-64-plakat-min-768x1084.jpg 768w, https:\/\/takpraha.cz\/wp-content\/uploads\/2022\/04\/2022-0515-stezka-64-plakat-min.jpg 867w\" sizes=\"auto, (max-width: 363px) 100vw, 363px\" \/><\/figure>\n\n\n\n<p><strong>STANE SE<\/strong><\/p>\n\n\n\n<figure class=\"wp-block-image alignleft is-resized\"><img decoding=\"async\" src=\"https:\/\/takpraha.cz\/wp-content\/uploads\/2021\/11\/icon-info.gif\" alt=\"\" width=\"30\"\/><\/figure>\n\n\n\n<p>V pond\u011bl\u00ed 25. dubna se u mohyly&nbsp;<strong>na B\u00edl\u00e9 Ho\u0159e uskute\u010dn\u00ed tradi\u010dn\u00ed oslava sv\u00e1tku&nbsp;<\/strong>jara a Ji\u0159\u00edk\u016f spojen\u00e1 s hrou v kuli\u010dky a konzumac\u00ed osobn\u011b p\u0159inesen\u00fdch pamlsk\u016f a n\u00e1poj\u016f. Okolo 16. hodiny zve Ji\u0159\u00ed Navr\u00e1til T16.<\/p>\n\n\n\n<p><img decoding=\"async\" src=\"https:\/\/takpraha.cz\/wp-content\/uploads\/2021\/11\/icon-bota.png\" alt=\"\" style=\"width: 30px;\">&nbsp;<strong>64. Stezka \u2013 \u010cesk\u00fdm r\u00e1jem<\/strong>,&nbsp;11. \u2013 15. 5. 2022. <\/p>\n\n\n\n<p>** <strong>Zakon\u010den\u00ed<\/strong> \u2013 15. 5. 2022&nbsp; 12:55 a\u017e 15:45 hodin. M\u011bstsk\u00fd atletick\u00fd stadion Ludv\u00edka Da\u0148ka &#8211; Turnov, Sk\u00e1lova 207, 51101 Turnov, <a href=\"https:\/\/takpraha.cz\/wp-content\/uploads\/2022\/04\/2022-0515-stezka-64-mapa.png\" data-lbwps-width=\"2367\" data-lbwps-height=\"1226\" data-lbwps-srcsmall=\"https:\/\/takpraha.cz\/wp-content\/uploads\/2022\/04\/2022-0515-stezka-64-mapa-300x155.png\">viz mapa<\/a>. <br> * <strong>Ob\u010derstven\u00ed <\/strong>na stadionu otev\u0159eno: 11:30 a\u017e 16:00 hodin. Pros\u00edme \u00fa\u010dastn\u00edky Stezky, vezm\u011bte si s sebou plastov\u00e9 kel\u00edmky na n\u00e1poje, t\u0159eba ty z&nbsp;lo\u0148sk\u00e9 stezky!!! <br> * <strong>Parkov\u00e1n\u00ed <\/strong>na Centr\u00e1ln\u00edm parkovi\u0161ti, <a href=\"https:\/\/takpraha.cz\/wp-content\/uploads\/2022\/04\/2022-0515-stezka-64-mapa.png\" data-lbwps-width=\"2367\" data-lbwps-height=\"1226\" data-lbwps-srcsmall=\"https:\/\/takpraha.cz\/wp-content\/uploads\/2022\/04\/2022-0515-stezka-64-mapa-300x155.png\">viz mapa<\/a>. <br> * <strong>Kr\u00e1l Stezky a My\u0161 Stezky<\/strong> \u2013 ka\u017ed\u00e1 Trasa si vyrob\u00ed a p\u0159inese na zakon\u010den\u00ed dva kol\u00edky p\u0159ibli\u017en\u011b 20 cm dlouh\u00e9, na konci se\u0159\u00edznut\u00e9 a ozna\u010den\u00e9 \u010d\u00edslem sv\u00e9 Trasy.<br> * <strong>Sout\u011b\u017e Tras<\/strong> \u2013 t\u00e9ma: \u201eTrosky\u201c&nbsp; \u010dasov\u00fd limit 90 vte\u0159in<br> * <strong>Vlak<\/strong> \u2013 odchod na vlak je nejpozd\u011bji v&nbsp;16:00 hodin, <a href=\"https:\/\/takpraha.cz\/wp-content\/uploads\/2022\/04\/2022-0515-stezka-64-mapa.png\" data-lbwps-width=\"2367\" data-lbwps-height=\"1226\" data-lbwps-srcsmall=\"https:\/\/takpraha.cz\/wp-content\/uploads\/2022\/04\/2022-0515-stezka-64-mapa-300x155.png\">viz mapa<\/a>. <br> * Kone\u010dn\u00fd<strong> j\u00edzdn\u00ed \u0159\u00e1d vlaku<\/strong> a jeho zast\u00e1vky: Turnov&nbsp;17:12; &nbsp;Bakov nad Jizerou&nbsp;17:30 \u201317:33; Mlad\u00e1 Boleslav hl. n.&nbsp;17:43&nbsp;\u2013 17:47; Nymburk m\u011bsto&nbsp;18:11&nbsp;\u2013 18:13; Po\u0159\u00ed\u010dany&nbsp;18:24 \u2013 18:34; \u010cesk\u00fd Brod&nbsp;18:39 \u2013 18:41; Praha-Kl\u00e1novice 18:52 \u2013 18:54; Praha-Libe\u0148 19:02; Praha hl. n. 19:07. <br> * <a rel=\"noreferrer noopener\" href=\"https:\/\/65stezka.4trasa.cz\/page.php\/tabu_64\" target=\"_blank\"><strong> Tabu noclehy<\/strong><\/a><br> *  Platby Tras organiz\u00e1tor\u016fm<br> * <a rel=\"noreferrer noopener\" href=\"https:\/\/takpraha.cz\/wp-content\/uploads\/2022\/02\/2022-0515-stezka-64-plakat-tisk.pdf\" target=\"_blank\"> Plak\u00e1t Stezky v pdf ke sta\u017een\u00ed a k tisku<\/a><\/p>\n\n\n\n<figure class=\"wp-block-image alignleft size-full is-resized\"><img loading=\"lazy\" decoding=\"async\" src=\"https:\/\/takpraha.cz\/wp-content\/uploads\/2022\/01\/mapa-keblanskeho-potoka.jpg\" alt=\"\" class=\"wp-image-1870\" width=\"374\" height=\"279\" srcset=\"https:\/\/takpraha.cz\/wp-content\/uploads\/2022\/01\/mapa-keblanskeho-potoka.jpg 498w, https:\/\/takpraha.cz\/wp-content\/uploads\/2022\/01\/mapa-keblanskeho-potoka-300x224.jpg 300w\" sizes=\"auto, (max-width: 374px) 100vw, 374px\" \/><\/figure>\n\n\n\n<figure class=\"wp-block-image alignleft is-resized\"><img decoding=\"async\" src=\"https:\/\/takpraha.cz\/wp-content\/uploads\/2021\/11\/icon-mapa.gif\" alt=\"\" width=\"30\"\/><\/figure>\n\n\n\n<p><strong>27. \u2013 29. 5. 2022<\/strong>&nbsp;pse kon\u00e1 dvakr\u00e1t odlo\u017een\u00fd&nbsp;<strong>2. ro\u010dn\u00edk Orienta\u010dn\u00edho b\u011bhu<\/strong>.<br>V\u00edt\u00e1n\u00ed jsou v\u0161ichni \u2013 jednotlivci i rodiny s d\u011btmi, sta\u0159\u00ed i mlad\u00ed, ale hlavn\u011b v\u0161ichni s chut\u00ed se potkat, pod\u00edvat se na keblanskou louku a mo\u017en\u00e1 si i trochu zaz\u00e1vodit. <br> * <strong>Span\u00ed&nbsp;<\/strong>ve vlastn\u00edch stanech, p\u0159\u00edst\u0159e\u0161c\u00edch, hamak\u00e1ch \u010di pod \u0161ir\u00e1kem na louce \u010di v lese.<br> * <strong>Cena:&nbsp;<\/strong>400 K\u010d, 200 K\u010d d\u011bti 3-15 let. V cen\u011b sobotn\u00ed ob\u011bd a ve\u010de\u0159e, materi\u00e1l&nbsp;pro z\u00e1vod, ceny pro v\u00edt\u011bze. Sn\u00eddan\u011b, ostatn\u00ed j\u00eddlo a pochutiny jsou na v\u00e1s. Vezm\u011bte si pros\u00edm dost vody na pit\u00ed, nev\u00edme, v jak\u00e9m stavu bude po zim\u011b stud\u00e1nka.<br> * <strong>P\u0159\u00edjezd&nbsp;<\/strong>je mo\u017en\u00fd od p\u00e1tku odpoledne\/ve\u010dera. Pravd\u011bpodobn\u011b hospoda u&nbsp;Pupk\u016f v Nesm\u011bni a pak t\u0159eba t\u00e1bor\u00e1\u010dek na m\u00edst\u011b.&nbsp;Pokud chcete dorazit a\u017e v sobotu, pros\u00edm do 10:00, kdy se za\u010dne startovat.<br>Pros\u00edm vypl\u0148te ve formul\u00e1\u0159i trasu b\u011bhu, kter\u00e9ho se chcete&nbsp;\u00fa\u010dastnit. D\u00edky&nbsp;tomu budeme moci tisknout jen pot\u0159ebn\u00fd po\u010det map.<\/p>\n\n\n\n<p><img loading=\"lazy\" decoding=\"async\" width=\"30\" height=\"30\" class=\"wp-image-963\" style=\"width: 30px;\" src=\"https:\/\/takpraha.cz\/wp-content\/uploads\/2021\/11\/icon-kytara.gif\" alt=\"\">  \u00dater\u00fd 21. 6 2022 <strong>V\u00edt\u00e1n\u00ed l\u00e9ta<\/strong>.<\/p>\n\n\n\n<p><img loading=\"lazy\" decoding=\"async\" width=\"30\" height=\"30\" class=\"wp-image-961\" style=\"width: 30px;\" src=\"https:\/\/takpraha.cz\/wp-content\/uploads\/2021\/11\/icon-info.gif\" alt=\"\">  24. \u2013 26. 6. 2022 <strong>letn\u00ed PanTAKov\u00e9 hry<\/strong> v Sob\u011bslavi.<\/p>\n\n\n\n<figure class=\"wp-block-image alignright size-large is-resized\"><img loading=\"lazy\" decoding=\"async\" src=\"https:\/\/takpraha.cz\/wp-content\/uploads\/2022\/03\/2004-cjt-1024x683.jpg\" alt=\"\" class=\"wp-image-2354\" width=\"512\" height=\"342\" srcset=\"https:\/\/takpraha.cz\/wp-content\/uploads\/2022\/03\/2004-cjt-1024x683.jpg 1024w, https:\/\/takpraha.cz\/wp-content\/uploads\/2022\/03\/2004-cjt-300x200.jpg 300w, https:\/\/takpraha.cz\/wp-content\/uploads\/2022\/03\/2004-cjt-768x512.jpg 768w, https:\/\/takpraha.cz\/wp-content\/uploads\/2022\/03\/2004-cjt-1536x1024.jpg 1536w, https:\/\/takpraha.cz\/wp-content\/uploads\/2022\/03\/2004-cjt.jpg 1600w\" sizes=\"auto, (max-width: 512px) 100vw, 512px\" \/><\/figure>\n\n\n\n<figure class=\"wp-block-image alignleft is-resized\"><img decoding=\"async\" src=\"https:\/\/takpraha.cz\/wp-content\/uploads\/2021\/11\/inoc-vlak.gif\" alt=\"\" width=\"30\"\/><\/figure>\n\n\n\n<p><strong>17. Cesta jenom tam&nbsp;<\/strong>\u2013&nbsp;<strong>19. \u2013 21.&nbsp;srpna 2022<\/strong>. P\u0159\u00e1tel\u00e9 star\u00fdch vl\u00e1\u010dk\u016f, p\u0159\u00edpravy na v\u00fdlet historick\u00fdm motor\u00e1\u010dkem M131 zvan\u00fdm Hurv\u00ednek, trochu pokro\u010dily. Vysly\u0161eli jsme p\u0159\u00e1n\u00ed mnoh\u00fdch \u00fa\u010dastn\u00edk\u016f minul\u00fdch CJT a prodlou\u017eili leto\u0161n\u00ed Cestu o p\u016flden, vyjedeme tedy u\u017e v&nbsp;p\u00e1tek po poledni. Navzdory tradi\u010dn\u00edmu n\u00e1zvu akce p\u0159ivezeme cestuj\u00edc\u00ed i zp\u011bt. Leto\u0161n\u00ed trasa povede sm\u011brem na jihoz\u00e1pad.&nbsp;V pl\u00e1nu je v p\u00e1tek cesta do Klatov, v sobotu j\u00edzda po \u0161umavsk\u00fdch lok\u00e1lk\u00e1ch \u2013 kr\u00e1snou horskou trat\u00ed do pohrani\u010dn\u00ed stanice \u017delezn\u00e1 Ruda-Al\u017eb\u011bt\u00edn (Localbahnmuseum Bayerisch Eisenstein), zp\u011bt p\u0159es \u0160pi\u010d\u00e1k (vych\u00e1zka k \u010certovu jezeru a ob\u011bd) a se zast\u00e1vkou bu\u010f v Doma\u017elic\u00edch nebo n\u011bkter\u00e9 chodsk\u00e9 obci a\u017e k rybn\u00edku Sycher\u00e1k. Ned\u011bln\u00ed program se je\u0161t\u011b vym\u00fd\u0161l\u00ed. Trasa bez z\u00e1ruky, v\u00fdluky m\u016f\u017eou v\u0161e zm\u011bnit. Oba noclehy budou v kempech. Celou cestu bude v motor\u00e1ku dobr\u00e9 to\u010den\u00e9 pivo, hudbu budeme m\u00edt vlastn\u00ed. P\u0159edpokl\u00e1d\u00e1me, \u017ee pojedeme op\u011bt s vle\u010d\u0148\u00e1kem. Vzhledem k del\u0161\u00ed cest\u011b bude letos j\u00edzdn\u00e9 o n\u011bco dra\u017e\u0161\u00ed, 850 K\u010d (\u010dlenov\u00e9 TAKu a d\u011bti) a 900 K\u010d (ostatn\u00ed).&nbsp;<strong>P\u0159ihl\u00e1sit se m\u016f\u017eete&nbsp;<\/strong>u\u017e te\u010f&nbsp; na email ivan.fridrich(at)post.cz a&nbsp;<strong>zaplatit z\u00e1lohu<\/strong>&nbsp;400 K\u010d na \u00fa\u010det 104641136\/0300, var. s. 131, do zpr\u00e1vy \u201eCJT a jm\u00e9no\u201d. Do konce \u010dervna je z\u00e1loha vratn\u00e1. Hlaste se brzy, z\u00e1jemci z&nbsp;TAKu a stezkov\u00e9ho spole\u010denstv\u00ed, jinak bude Cesta obsazena mimo TAKov\u00fdmi pasa\u017e\u00e9ry.&nbsp; &nbsp;Ivan Fridrich T15.<\/p>\n\n\n\n<p><img loading=\"lazy\" decoding=\"async\" width=\"30\" height=\"30\" class=\"wp-image-968\" style=\"width: 30px;\" src=\"https:\/\/takpraha.cz\/wp-content\/uploads\/2021\/11\/icon-ohen.gif\" alt=\"\"> 16. \u2013 18. 9. 2022 <strong>Lesn\u00ed hry<\/strong>. <\/p>\n\n\n\n<hr class=\"wp-block-separator has-css-opacity aligncenter is-style-default\"\/>\n\n\n\n<p><strong>STALO SE<\/strong><\/p>\n\n\n\n<figure class=\"wp-block-image alignleft size-large is-resized\"><img loading=\"lazy\" decoding=\"async\" src=\"https:\/\/takpraha.cz\/wp-content\/uploads\/2022\/04\/2022-0425-004-1024x768.jpeg\" alt=\"\" class=\"wp-image-2574\" width=\"350\" height=\"250\"\/><\/figure>\n\n\n\n<figure class=\"wp-block-image alignright size-large is-resized\"><img loading=\"lazy\" decoding=\"async\" src=\"https:\/\/takpraha.cz\/wp-content\/uploads\/2022\/04\/2022-0425-005-1024x768.jpg\" alt=\"\" class=\"wp-image-2575\" width=\"350\" height=\"250\"\/><\/figure>\n\n\n\n<p>** Hadi a \u0161t\u00ed\u0159i, svat\u00fd i nesvat\u00ed Ji\u0159\u00ed, kuli\u010dky i oslavy jara. To v\u0161echno bylo u Mohyly na B\u00edl\u00e9 ho\u0159e tradi\u010dn\u011b zase po t\u0159ech letech. Tentokr\u00e1t&nbsp; oproti p\u0159edchoz\u00edm let\u016fm v hodn\u011b komorn\u00ed sestav\u011b, ale o to srde\u010dn\u011bj\u0161\u00ed. Kdo nep\u0159i\u0161el, m\u016f\u017ee litovat. Jirk\u016fm sl\u00e1va! A d\u00edky za uspo\u0159\u00e1d\u00e1n\u00ed a poho\u0161t\u011bn\u00ed. Blanka Chvojov\u00e1 T15.<\/p>\n\n\n\n<p>** 5. <strong>H\u00e9rakleidy<\/strong> byly navzdory odhl\u00e1\u0161k\u00e1m na posledn\u00ed chv\u00edli, ale krom\u011b toho, \u017ee byly o filmu, se k Poradn\u00edku v\u00edce informac\u00ed nedostalo.<\/p>\n\n\n\n<p>** Stejn\u011b tak nen\u00ed zn\u00e1mo zda a jak prob\u011bhlo <strong>Zah\u00e1jen\u00ed cyklosez\u00f3ny<\/strong>.<\/p>\n\n\n\n<p>** Jist\u00e9 je, \u017ee n\u011bkter\u00e9 Trasy m\u011bly <strong>pidi Stezku<\/strong>, nap\u0159\u00edklad Patn\u00e1ctka si u\u017eila slunn\u00fd v\u00edkend kousek od \u010cesk\u00e9ho Krumlova.<\/p>\n\n\n\n<hr class=\"wp-block-separator has-css-opacity aligncenter is-style-default\"\/>\n\n\n\n<p><strong>ZE SPOLE\u010cNOSTI<\/strong><\/p>\n\n\n\n<figure class=\"wp-block-image alignright size-full is-resized\"><img loading=\"lazy\" decoding=\"async\" src=\"https:\/\/takpraha.cz\/wp-content\/uploads\/2022\/04\/2022-0418-vodrazkova-zuzana-3.jpg\" alt=\"\" class=\"wp-image-2579\" width=\"347\" height=\"347\" srcset=\"https:\/\/takpraha.cz\/wp-content\/uploads\/2022\/04\/2022-0418-vodrazkova-zuzana-3.jpg 645w, https:\/\/takpraha.cz\/wp-content\/uploads\/2022\/04\/2022-0418-vodrazkova-zuzana-3-300x300.jpg 300w, https:\/\/takpraha.cz\/wp-content\/uploads\/2022\/04\/2022-0418-vodrazkova-zuzana-3-150x150.jpg 150w\" sizes=\"auto, (max-width: 347px) 100vw, 347px\" \/><\/figure>\n\n\n\n<figure class=\"wp-block-image alignleft size-full is-resized\"><img loading=\"lazy\" decoding=\"async\" src=\"https:\/\/takpraha.cz\/wp-content\/uploads\/2022\/04\/2022-0311-vitova-vera-t2.png\" alt=\"\" class=\"wp-image-2606\" width=\"345\" height=\"344\" srcset=\"https:\/\/takpraha.cz\/wp-content\/uploads\/2022\/04\/2022-0311-vitova-vera-t2.png 244w, https:\/\/takpraha.cz\/wp-content\/uploads\/2022\/04\/2022-0311-vitova-vera-t2-150x150.png 150w\" sizes=\"auto, (max-width: 345px) 100vw, 345px\" \/><\/figure>\n\n\n\n<p class=\"has-white-color has-text-color\">.<\/p>\n\n\n\n<p class=\"has-white-color has-text-color\">.<\/p>\n\n\n\n<p>** 11. b\u0159ezna opustila Dvojku a cel\u00e9 TAKov\u00e9 spole\u010denstv\u00ed kamar\u00e1dka <strong>V\u011bra V\u00edtov\u00e1<\/strong>, odznak \u010d. 137. \u2190<\/p>\n\n\n\n<p> ** Trojka se rozlou\u010dila se svou dlouholetou \u010dlenkou TAKu&nbsp;<strong>Zuzanou Vodr\u00e1\u017ekovou<\/strong>, odznak \u010d. 76, kter\u00e1 n\u00e1hle ode\u0161la na v\u011b\u010dnou Stezku&nbsp;v pond\u011bl\u00ed 18. dubna. \u2192 <\/p>\n","protected":false},"excerpt":{"rendered":"<p>Vyd\u00e1no pouze pro vnit\u0159n\u00ed pot\u0159ebu TAKI\u010cO: 00199214, \u00fa\u010det \u010d. 2000317496\/2010S\u00eddlo: Mal\u00e1 \u0160tupartsk\u00e1 646\/1, 110 00 Praha 1Elektronick\u00e1 po\u0161ta:&nbsp;rada@takpraha.cz MOTTO **<\/p>\n","protected":false},"author":2,"featured_media":0,"comment_status":"closed","ping_status":"open","sticky":false,"template":"","format":"standard","meta":{"colormag_page_layout":"no_sidebar_full_width","inline_featured_image":false,"ngg_post_thumbnail":0,"footnotes":""},"categories":[2],"tags":[13,23,16,11],"class_list":["post-2560","post","type-post","status-publish","format-standard","hentry","category-poradniky","tag-13","tag-kalendar","tag-poradnik","tag-stezka"],"_links":{"self":[{"href":"https:\/\/takpraha.cz\/index.php\/wp-json\/wp\/v2\/posts\/2560","targetHints":{"allow":["GET"]}}],"collection":[{"href":"https:\/\/takpraha.cz\/index.php\/wp-json\/wp\/v2\/posts"}],"about":[{"href":"https:\/\/takpraha.cz\/index.php\/wp-json\/wp\/v2\/types\/post"}],"author":[{"embeddable":true,"href":"https:\/\/takpraha.cz\/index.php\/wp-json\/wp\/v2\/users\/2"}],"replies":[{"embeddable":true,"href":"https:\/\/takpraha.cz\/index.php\/wp-json\/wp\/v2\/comments?post=2560"}],"version-history":[{"count":30,"href":"https:\/\/takpraha.cz\/index.php\/wp-json\/wp\/v2\/posts\/2560\/revisions"}],"predecessor-version":[{"id":4148,"href":"https:\/\/takpraha.cz\/index.php\/wp-json\/wp\/v2\/posts\/2560\/revisions\/4148"}],"wp:attachment":[{"href":"https:\/\/takpraha.cz\/index.php\/wp-json\/wp\/v2\/media?parent=2560"}],"wp:term":[{"taxonomy":"category","embeddable":true,"href":"https:\/\/takpraha.cz\/index.php\/wp-json\/wp\/v2\/categories?post=2560"},{"taxonomy":"post_tag","embeddable":true,"href":"https:\/\/takpraha.cz\/index.php\/wp-json\/wp\/v2\/tags?post=2560"}],"curies":[{"name":"wp","href":"https:\/\/api.w.org\/{rel}","templated":true}]}}