{"id":3689,"date":"2022-04-25T21:48:00","date_gmt":"2022-04-25T19:48:00","guid":{"rendered":"https:\/\/takpraha.cz\/?p=3689"},"modified":"2023-04-03T14:00:01","modified_gmt":"2023-04-03T12:00:01","slug":"hadi-a-stiri-svaty-i-nesvati-jiri-2022","status":"publish","type":"post","link":"https:\/\/takpraha.cz\/index.php\/2022\/04\/25\/hadi-a-stiri-svaty-i-nesvati-jiri-2022\/","title":{"rendered":"Hadi a \u0161t\u00ed\u0159i, svat\u00fd i nesvat\u00ed Ji\u0159\u00ed 2022"},"content":{"rendered":"\n<p>Hadi a \u0161t\u00ed\u0159i, svat\u00fd i nesvat\u00ed Ji\u0159\u00ed, kuli\u010dky i oslavy jara. To v\u0161echno bylo u Mohyly na B\u00edl\u00e9 ho\u0159e tradi\u010dn\u011b zase po t\u0159ech letech. Tentokr\u00e1t&nbsp; oproti p\u0159edchoz\u00edm let\u016fm v hodn\u011b komorn\u00ed sestav\u011b, ale o to srde\u010dn\u011bj\u0161\u00ed. Kdo nep\u0159i\u0161el, m\u016f\u017ee litovat. Jirk\u016fm sl\u00e1va ! A d\u00edky za uspo\u0159\u00e1d\u00e1n\u00ed a poho\u0161t\u011bn\u00ed.<br>Blanka T15<\/p>\n\n\n\n<figure class=\"wp-block-gallery has-nested-images columns-default is-cropped wp-block-gallery-2 is-layout-flex wp-block-gallery-is-layout-flex\">\n<figure class=\"wp-block-image size-large\"><a href=\"https:\/\/takpraha.cz\/wp-content\/uploads\/2022\/04\/2022-0425-004.jpeg\" data-lbwps-width=\"2024\" data-lbwps-height=\"1518\" data-lbwps-srcsmall=\"https:\/\/takpraha.cz\/wp-content\/uploads\/2022\/04\/2022-0425-004-300x225.jpeg\"><img loading=\"lazy\" decoding=\"async\" width=\"1024\" height=\"768\" data-id=\"2574\" src=\"https:\/\/takpraha.cz\/wp-content\/uploads\/2022\/04\/2022-0425-004-1024x768.jpeg\" alt=\"\" class=\"wp-image-2574\" srcset=\"https:\/\/takpraha.cz\/wp-content\/uploads\/2022\/04\/2022-0425-004-1024x768.jpeg 1024w, https:\/\/takpraha.cz\/wp-content\/uploads\/2022\/04\/2022-0425-004-300x225.jpeg 300w, https:\/\/takpraha.cz\/wp-content\/uploads\/2022\/04\/2022-0425-004-768x576.jpeg 768w, https:\/\/takpraha.cz\/wp-content\/uploads\/2022\/04\/2022-0425-004-1536x1152.jpeg 1536w, https:\/\/takpraha.cz\/wp-content\/uploads\/2022\/04\/2022-0425-004.jpeg 2024w\" sizes=\"auto, (max-width: 1024px) 100vw, 1024px\" \/><\/a><\/figure>\n\n\n\n<figure class=\"wp-block-image size-large\"><a href=\"https:\/\/takpraha.cz\/wp-content\/uploads\/2022\/04\/2022-0425-005.jpg\" data-lbwps-width=\"2024\" data-lbwps-height=\"1518\" data-lbwps-srcsmall=\"https:\/\/takpraha.cz\/wp-content\/uploads\/2022\/04\/2022-0425-005-300x225.jpg\"><img loading=\"lazy\" decoding=\"async\" width=\"1024\" height=\"768\" data-id=\"2575\" src=\"https:\/\/takpraha.cz\/wp-content\/uploads\/2022\/04\/2022-0425-005-1024x768.jpg\" alt=\"\" class=\"wp-image-2575\" srcset=\"https:\/\/takpraha.cz\/wp-content\/uploads\/2022\/04\/2022-0425-005-1024x768.jpg 1024w, https:\/\/takpraha.cz\/wp-content\/uploads\/2022\/04\/2022-0425-005-300x225.jpg 300w, https:\/\/takpraha.cz\/wp-content\/uploads\/2022\/04\/2022-0425-005-768x576.jpg 768w, https:\/\/takpraha.cz\/wp-content\/uploads\/2022\/04\/2022-0425-005-1536x1152.jpg 1536w, https:\/\/takpraha.cz\/wp-content\/uploads\/2022\/04\/2022-0425-005.jpg 2024w\" sizes=\"auto, (max-width: 1024px) 100vw, 1024px\" \/><\/a><\/figure>\n\n\n\n<figure class=\"wp-block-image size-large\"><a href=\"https:\/\/takpraha.cz\/wp-content\/uploads\/2023\/03\/IMG_3516.jpg\" data-lbwps-width=\"2016\" data-lbwps-height=\"1512\" data-lbwps-srcsmall=\"https:\/\/takpraha.cz\/wp-content\/uploads\/2023\/03\/IMG_3516-300x225.jpg\"><img loading=\"lazy\" decoding=\"async\" width=\"1024\" height=\"768\" data-id=\"3690\" src=\"https:\/\/takpraha.cz\/wp-content\/uploads\/2023\/03\/IMG_3516-1024x768.jpg\" alt=\"\" class=\"wp-image-3690\" srcset=\"https:\/\/takpraha.cz\/wp-content\/uploads\/2023\/03\/IMG_3516-1024x768.jpg 1024w, https:\/\/takpraha.cz\/wp-content\/uploads\/2023\/03\/IMG_3516-300x225.jpg 300w, https:\/\/takpraha.cz\/wp-content\/uploads\/2023\/03\/IMG_3516-768x576.jpg 768w, https:\/\/takpraha.cz\/wp-content\/uploads\/2023\/03\/IMG_3516-1536x1152.jpg 1536w, https:\/\/takpraha.cz\/wp-content\/uploads\/2023\/03\/IMG_3516.jpg 2016w\" sizes=\"auto, (max-width: 1024px) 100vw, 1024px\" \/><\/a><\/figure>\n<\/figure>\n","protected":false},"excerpt":{"rendered":"<p>Hadi a \u0161t\u00ed\u0159i, svat\u00fd i nesvat\u00ed Ji\u0159\u00ed, kuli\u010dky i oslavy jara. To v\u0161echno bylo u Mohyly na B\u00edl\u00e9 ho\u0159e tradi\u010dn\u011b<\/p>\n","protected":false},"author":7,"featured_media":0,"comment_status":"open","ping_status":"closed","sticky":false,"template":"","format":"standard","meta":{"colormag_page_layout":"default_layout","inline_featured_image":false,"ngg_post_thumbnail":0,"footnotes":""},"categories":[8,96,98],"tags":[13,53,70],"class_list":["post-3689","post","type-post","status-publish","format-standard","hentry","category-fotogalerie","category-stalo_se","category-stalo-se-2022","tag-13","tag-akce","tag-kulicky"],"_links":{"self":[{"href":"https:\/\/takpraha.cz\/index.php\/wp-json\/wp\/v2\/posts\/3689","targetHints":{"allow":["GET"]}}],"collection":[{"href":"https:\/\/takpraha.cz\/index.php\/wp-json\/wp\/v2\/posts"}],"about":[{"href":"https:\/\/takpraha.cz\/index.php\/wp-json\/wp\/v2\/types\/post"}],"author":[{"embeddable":true,"href":"https:\/\/takpraha.cz\/index.php\/wp-json\/wp\/v2\/users\/7"}],"replies":[{"embeddable":true,"href":"https:\/\/takpraha.cz\/index.php\/wp-json\/wp\/v2\/comments?post=3689"}],"version-history":[{"count":2,"href":"https:\/\/takpraha.cz\/index.php\/wp-json\/wp\/v2\/posts\/3689\/revisions"}],"predecessor-version":[{"id":4011,"href":"https:\/\/takpraha.cz\/index.php\/wp-json\/wp\/v2\/posts\/3689\/revisions\/4011"}],"wp:attachment":[{"href":"https:\/\/takpraha.cz\/index.php\/wp-json\/wp\/v2\/media?parent=3689"}],"wp:term":[{"taxonomy":"category","embeddable":true,"href":"https:\/\/takpraha.cz\/index.php\/wp-json\/wp\/v2\/categories?post=3689"},{"taxonomy":"post_tag","embeddable":true,"href":"https:\/\/takpraha.cz\/index.php\/wp-json\/wp\/v2\/tags?post=3689"}],"curies":[{"name":"wp","href":"https:\/\/api.w.org\/{rel}","templated":true}]}}