{"id":3770,"date":"2023-09-24T08:35:00","date_gmt":"2023-09-24T06:35:00","guid":{"rendered":"https:\/\/takpraha.cz\/?p=3770"},"modified":"2023-11-30T08:06:11","modified_gmt":"2023-11-30T07:06:11","slug":"23-rocnik-vystupu-na-blanik-22-24-9-2023","status":"publish","type":"post","link":"https:\/\/takpraha.cz\/index.php\/2023\/09\/24\/23-rocnik-vystupu-na-blanik-22-24-9-2023\/","title":{"rendered":"23. ro\u010dn\u00edk v\u00fdstupu na Blan\u00edk 22. &#8211; 24. 9.2023"},"content":{"rendered":"\n<div class=\"wp-block-group is-layout-constrained wp-block-group-is-layout-constrained\">\n<p>23. ro\u010dn\u00edk v\u00fdstupu na Velk\u00fd Blan\u00edk se konal 22.-24.z\u00e1\u0159\u00ed a z\u00fa\u010dastnilo se kr\u00e1sn\u00fdch 23 zdatn\u00fdch tv\u00e1\u0159\u00ed.<\/p>\n\n\n\n<p>Pod vlajkou Spolku p\u0159\u00e1tel Ferdinanda \u010censk\u00e9ho (SPF\u010c) se objevily nap\u0159\u00edklad vlajky TAKu z tras 1, 18, 10 , 12 a 13.<\/p>\n\n\n\n<p>Vyrazili jsme tentokr\u00e1t z Mlad\u00e9 Vo\u017eice s noclehem na fa\u0159e a Svatojakubskou cestou p\u0159es \u0160elmberk dorazili prvn\u00ed den putov\u00e1n\u00ed na vyn\u00edkaj\u00edc\u00ed \u0159\u00edze\u010dky do Kamberka. Potom svi\u017en\u011b p\u0159es Mal\u00fd Blan\u00edk a po zast\u00e1vce zde u rekonstruovan\u00e9 kaple jsme zam\u00ed\u0159ili p\u0159es pole, louky se zast\u00e1vkou u oh\u00fdnku do Lou\u0148ovic pod Blan\u00edkem.<\/p>\n\n\n\n<p>Zde jsme potk\u00e1vali ji\u017e notn\u011b unaven\u00e9 \u00fa\u010dastn\u00edky mohutn\u00fdch svatov\u00e1clavsk\u00fdch slavnost\u00ed a n\u00e1lada stoupala \u00fam\u011brn\u011b nat\u011b\u0161enosti na dobr\u00e9 j\u00eddlo, pit\u00ed a hlavn\u011b sl\u00edben\u00fd nocleh v m\u00edstn\u00ed \u0161kole.<\/p>\n\n\n\n<p>Pan\u00ed \u0159editelka byla velmi vyt\u00ed\u017eena organizac\u00ed slavnost\u00ed v m\u00edst\u011b a proto jsme se kl\u00ed\u010d\u016f a ubytov\u00e1n\u00ed do\u010dkali po d\u016fstojn\u011b str\u00e1ven\u00fdch chv\u00edl\u00edch v m\u00edstn\u00ed hospod\u011b, obch\u00e1zen\u00edm st\u00e1nk\u016f, ochutn\u00e1vkami dobrot a n\u011bkdo i j\u00edzdou el.aut\u00ed\u010dky u komediant\u016f.<\/p>\n\n\n\n<p>Ve\u010der n\u011bkte\u0159\u00ed vyu\u017eili k horizont\u00e1ln\u00ed regeneraci a n\u011bkte\u0159\u00ed k\u0159ep\u010dili s m\u00edstn\u00edmi \u00fa\u010dastn\u00edky slavnost\u00ed za doprovodu dovezen\u00e9 kapely z \u010cesk\u00fdch Bud\u011bjovic.<\/p>\n\n\n\n<p>V ned\u011bli r\u00e1no n\u00e1s vyzvedla sympatick\u00e1 pan\u00ed \u0159editleka ze spac\u00e1k\u016f a poslala s p\u0159edchoz\u00ed malou p\u0159edn\u00e1\u0161kou o \u00fasp\u011b\u0161\u00edch a fungov\u00e1n\u00ed m\u00edstn\u00ed z\u00e1kladn\u00ed \u0161koly a \u0161kolky d\u00e1le do stopy.<\/p>\n\n\n\n<p>Ned\u011bln\u00ed dopoledne bylo proslun\u011bno stejn\u011b jako dny p\u0159ed t\u00edm a dobyt\u00ed vrchu Velk\u00e9ho Blan\u00edku bylo kr\u00e1snou odm\u011bnou.<\/p>\n\n\n\n<p>D\u00e1le jsme ji\u017e do\u0161li zn\u00e1m\u00fdmi cestami s n\u011bkolika ne\u010dekan\u00fdmi odbo\u010dkami (k\u016frovec a k\u00e1cen\u00ed pozm\u011bnilo podobu lesa) do Kondrace.<\/p>\n\n\n\n<p>Zde tradi\u010dn\u00ed vydatn\u00fd ob\u011bd byl d\u016fstojnou p\u0159ed-te\u010dkou v\u00edkendov\u00e9ho putov\u00e1n\u00ed.<\/p>\n\n\n\n<p>Z p\u016fvodn\u00edho mno\u017estv\u00ed \u00fa\u010dastn\u00edk\u016f se postupn\u011b odlupovali slupky n\u00e1vrat\u016f a tak na c\u00edlovou z\u00e1v\u011bre\u010dnou etapu z Kondrace do Vla\u0161imi zbylo men\u0161\u00ed dru\u017estvo.<\/p>\n\n\n\n<p>O to kr\u00e1sn\u011bj\u0161\u00ed byl z\u00e1v\u011br p\u0159i hled\u00e1n\u00ed posledn\u00ed hospody na d\u016fstojn\u00e9 zapit\u00ed &#8211; poda\u0159ilo se naj\u00edt pivovar Na V\u00fdvoji. Zde jsme vysv\u011btlili neochotn\u00e9 obsluze, \u017ee se podob\u00e1me ztracen\u00e9mu vojsku Sv.V\u00e1clava a tak jsme odpoledn\u00ed inventuru v podniku posunuli asi o hodinu.<\/p>\n\n\n\n<p>Sv\u011bte div se&nbsp; &#8211; letos jsme volili bezpe\u010dnou cestu a TAK zran\u011bn\u00ed nebyla a t\u011b\u0161\u00edm se i s ostatn\u00edmi na p\u0159\u00ed\u0161t\u00ed 24.ro\u010dn\u00edk<\/p>\n\n\n\n<p>Vl\u00e1\u010fa \u0160vejda &#8211; T 10<\/p>\n\n\n\n<figure class=\"wp-block-gallery has-nested-images columns-default is-cropped wp-block-gallery-2 is-layout-flex wp-block-gallery-is-layout-flex\">\n<figure class=\"wp-block-image size-large\"><a href=\"https:\/\/takpraha.cz\/wp-content\/uploads\/2023\/01\/2023_Blanik-VIII_vlajka-SPFC.jpg\" data-lbwps-width=\"2048\" data-lbwps-height=\"1536\" data-lbwps-srcsmall=\"https:\/\/takpraha.cz\/wp-content\/uploads\/2023\/01\/2023_Blanik-VIII_vlajka-SPFC-300x225.jpg\"><img loading=\"lazy\" decoding=\"async\" width=\"1024\" height=\"768\" data-id=\"4882\" src=\"https:\/\/takpraha.cz\/wp-content\/uploads\/2023\/01\/2023_Blanik-VIII_vlajka-SPFC-1024x768.jpg\" alt=\"\" class=\"wp-image-4882\" srcset=\"https:\/\/takpraha.cz\/wp-content\/uploads\/2023\/01\/2023_Blanik-VIII_vlajka-SPFC-1024x768.jpg 1024w, https:\/\/takpraha.cz\/wp-content\/uploads\/2023\/01\/2023_Blanik-VIII_vlajka-SPFC-300x225.jpg 300w, https:\/\/takpraha.cz\/wp-content\/uploads\/2023\/01\/2023_Blanik-VIII_vlajka-SPFC-768x576.jpg 768w, https:\/\/takpraha.cz\/wp-content\/uploads\/2023\/01\/2023_Blanik-VIII_vlajka-SPFC-1536x1152.jpg 1536w, https:\/\/takpraha.cz\/wp-content\/uploads\/2023\/01\/2023_Blanik-VIII_vlajka-SPFC.jpg 2048w\" sizes=\"auto, (max-width: 1024px) 100vw, 1024px\" \/><\/a><\/figure>\n\n\n\n<figure class=\"wp-block-image size-large\"><a href=\"https:\/\/takpraha.cz\/wp-content\/uploads\/2023\/01\/2023_Blanik-VII_vrcholove-foto.jpg\" data-lbwps-width=\"2048\" data-lbwps-height=\"1536\" data-lbwps-srcsmall=\"https:\/\/takpraha.cz\/wp-content\/uploads\/2023\/01\/2023_Blanik-VII_vrcholove-foto-300x225.jpg\"><img loading=\"lazy\" decoding=\"async\" width=\"1024\" height=\"768\" data-id=\"4883\" src=\"https:\/\/takpraha.cz\/wp-content\/uploads\/2023\/01\/2023_Blanik-VII_vrcholove-foto-1024x768.jpg\" alt=\"\" class=\"wp-image-4883\" srcset=\"https:\/\/takpraha.cz\/wp-content\/uploads\/2023\/01\/2023_Blanik-VII_vrcholove-foto-1024x768.jpg 1024w, https:\/\/takpraha.cz\/wp-content\/uploads\/2023\/01\/2023_Blanik-VII_vrcholove-foto-300x225.jpg 300w, https:\/\/takpraha.cz\/wp-content\/uploads\/2023\/01\/2023_Blanik-VII_vrcholove-foto-768x576.jpg 768w, https:\/\/takpraha.cz\/wp-content\/uploads\/2023\/01\/2023_Blanik-VII_vrcholove-foto-1536x1152.jpg 1536w, https:\/\/takpraha.cz\/wp-content\/uploads\/2023\/01\/2023_Blanik-VII_vrcholove-foto.jpg 2048w\" sizes=\"auto, (max-width: 1024px) 100vw, 1024px\" \/><\/a><\/figure>\n\n\n\n<figure class=\"wp-block-image size-large\"><a href=\"https:\/\/takpraha.cz\/wp-content\/uploads\/2023\/01\/2023_Blanik-VI_pri-sestupu-z-V.Blanika-u-Brodeckeho-potoka.jpg\" data-lbwps-width=\"2048\" data-lbwps-height=\"1536\" data-lbwps-srcsmall=\"https:\/\/takpraha.cz\/wp-content\/uploads\/2023\/01\/2023_Blanik-VI_pri-sestupu-z-V.Blanika-u-Brodeckeho-potoka-300x225.jpg\"><img loading=\"lazy\" decoding=\"async\" width=\"1024\" height=\"768\" data-id=\"4884\" src=\"https:\/\/takpraha.cz\/wp-content\/uploads\/2023\/01\/2023_Blanik-VI_pri-sestupu-z-V.Blanika-u-Brodeckeho-potoka-1024x768.jpg\" alt=\"\" class=\"wp-image-4884\" srcset=\"https:\/\/takpraha.cz\/wp-content\/uploads\/2023\/01\/2023_Blanik-VI_pri-sestupu-z-V.Blanika-u-Brodeckeho-potoka-1024x768.jpg 1024w, https:\/\/takpraha.cz\/wp-content\/uploads\/2023\/01\/2023_Blanik-VI_pri-sestupu-z-V.Blanika-u-Brodeckeho-potoka-300x225.jpg 300w, https:\/\/takpraha.cz\/wp-content\/uploads\/2023\/01\/2023_Blanik-VI_pri-sestupu-z-V.Blanika-u-Brodeckeho-potoka-768x576.jpg 768w, https:\/\/takpraha.cz\/wp-content\/uploads\/2023\/01\/2023_Blanik-VI_pri-sestupu-z-V.Blanika-u-Brodeckeho-potoka-1536x1152.jpg 1536w, https:\/\/takpraha.cz\/wp-content\/uploads\/2023\/01\/2023_Blanik-VI_pri-sestupu-z-V.Blanika-u-Brodeckeho-potoka.jpg 2048w\" sizes=\"auto, (max-width: 1024px) 100vw, 1024px\" \/><\/a><\/figure>\n\n\n\n<figure class=\"wp-block-image size-large\"><a href=\"https:\/\/takpraha.cz\/wp-content\/uploads\/2023\/01\/2023_Blanik-V_po-noclehu-ve-skole.jpg\" data-lbwps-width=\"2048\" data-lbwps-height=\"1536\" data-lbwps-srcsmall=\"https:\/\/takpraha.cz\/wp-content\/uploads\/2023\/01\/2023_Blanik-V_po-noclehu-ve-skole-300x225.jpg\"><img loading=\"lazy\" decoding=\"async\" width=\"1024\" height=\"768\" data-id=\"4885\" src=\"https:\/\/takpraha.cz\/wp-content\/uploads\/2023\/01\/2023_Blanik-V_po-noclehu-ve-skole-1024x768.jpg\" alt=\"\" class=\"wp-image-4885\" srcset=\"https:\/\/takpraha.cz\/wp-content\/uploads\/2023\/01\/2023_Blanik-V_po-noclehu-ve-skole-1024x768.jpg 1024w, https:\/\/takpraha.cz\/wp-content\/uploads\/2023\/01\/2023_Blanik-V_po-noclehu-ve-skole-300x225.jpg 300w, https:\/\/takpraha.cz\/wp-content\/uploads\/2023\/01\/2023_Blanik-V_po-noclehu-ve-skole-768x576.jpg 768w, https:\/\/takpraha.cz\/wp-content\/uploads\/2023\/01\/2023_Blanik-V_po-noclehu-ve-skole-1536x1152.jpg 1536w, https:\/\/takpraha.cz\/wp-content\/uploads\/2023\/01\/2023_Blanik-V_po-noclehu-ve-skole.jpg 2048w\" sizes=\"auto, (max-width: 1024px) 100vw, 1024px\" \/><\/a><\/figure>\n\n\n\n<figure class=\"wp-block-image size-large\"><a href=\"https:\/\/takpraha.cz\/wp-content\/uploads\/2023\/01\/2023_Blanik-IV_na-Malem-Blaniku-kaple-Sv.Mari-Magdaleny.jpg\" data-lbwps-width=\"1536\" data-lbwps-height=\"2048\" data-lbwps-srcsmall=\"https:\/\/takpraha.cz\/wp-content\/uploads\/2023\/01\/2023_Blanik-IV_na-Malem-Blaniku-kaple-Sv.Mari-Magdaleny-225x300.jpg\"><img loading=\"lazy\" decoding=\"async\" width=\"768\" height=\"1024\" data-id=\"4886\" src=\"https:\/\/takpraha.cz\/wp-content\/uploads\/2023\/01\/2023_Blanik-IV_na-Malem-Blaniku-kaple-Sv.Mari-Magdaleny-768x1024.jpg\" alt=\"\" class=\"wp-image-4886\" srcset=\"https:\/\/takpraha.cz\/wp-content\/uploads\/2023\/01\/2023_Blanik-IV_na-Malem-Blaniku-kaple-Sv.Mari-Magdaleny-768x1024.jpg 768w, https:\/\/takpraha.cz\/wp-content\/uploads\/2023\/01\/2023_Blanik-IV_na-Malem-Blaniku-kaple-Sv.Mari-Magdaleny-225x300.jpg 225w, https:\/\/takpraha.cz\/wp-content\/uploads\/2023\/01\/2023_Blanik-IV_na-Malem-Blaniku-kaple-Sv.Mari-Magdaleny-1152x1536.jpg 1152w, https:\/\/takpraha.cz\/wp-content\/uploads\/2023\/01\/2023_Blanik-IV_na-Malem-Blaniku-kaple-Sv.Mari-Magdaleny.jpg 1536w\" sizes=\"auto, (max-width: 768px) 100vw, 768px\" \/><\/a><\/figure>\n\n\n\n<figure class=\"wp-block-image size-large\"><a href=\"https:\/\/takpraha.cz\/wp-content\/uploads\/2023\/01\/2023_Blanik-II_IMG-20230926-WA0044.jpg\" data-lbwps-width=\"1536\" data-lbwps-height=\"2048\" data-lbwps-srcsmall=\"https:\/\/takpraha.cz\/wp-content\/uploads\/2023\/01\/2023_Blanik-II_IMG-20230926-WA0044-225x300.jpg\"><img loading=\"lazy\" decoding=\"async\" width=\"768\" height=\"1024\" data-id=\"4888\" src=\"https:\/\/takpraha.cz\/wp-content\/uploads\/2023\/01\/2023_Blanik-II_IMG-20230926-WA0044-768x1024.jpg\" alt=\"\" class=\"wp-image-4888\" srcset=\"https:\/\/takpraha.cz\/wp-content\/uploads\/2023\/01\/2023_Blanik-II_IMG-20230926-WA0044-768x1024.jpg 768w, https:\/\/takpraha.cz\/wp-content\/uploads\/2023\/01\/2023_Blanik-II_IMG-20230926-WA0044-225x300.jpg 225w, https:\/\/takpraha.cz\/wp-content\/uploads\/2023\/01\/2023_Blanik-II_IMG-20230926-WA0044-1152x1536.jpg 1152w, https:\/\/takpraha.cz\/wp-content\/uploads\/2023\/01\/2023_Blanik-II_IMG-20230926-WA0044.jpg 1536w\" sizes=\"auto, (max-width: 768px) 100vw, 768px\" \/><\/a><\/figure>\n\n\n\n<figure class=\"wp-block-image size-large\"><a href=\"https:\/\/takpraha.cz\/wp-content\/uploads\/2023\/01\/2023_Blanik-I.jpg\" data-lbwps-width=\"2448\" data-lbwps-height=\"3264\" data-lbwps-srcsmall=\"https:\/\/takpraha.cz\/wp-content\/uploads\/2023\/01\/2023_Blanik-I.jpg\"><img loading=\"lazy\" decoding=\"async\" width=\"768\" height=\"1024\" data-id=\"4889\" src=\"https:\/\/takpraha.cz\/wp-content\/uploads\/2023\/01\/2023_Blanik-I-768x1024.jpg\" alt=\"\" class=\"wp-image-4889\" srcset=\"https:\/\/takpraha.cz\/wp-content\/uploads\/2023\/01\/2023_Blanik-I-768x1024.jpg 768w, https:\/\/takpraha.cz\/wp-content\/uploads\/2023\/01\/2023_Blanik-I-225x300.jpg 225w, https:\/\/takpraha.cz\/wp-content\/uploads\/2023\/01\/2023_Blanik-I-1152x1536.jpg 1152w, https:\/\/takpraha.cz\/wp-content\/uploads\/2023\/01\/2023_Blanik-I-1536x2048.jpg 1536w, https:\/\/takpraha.cz\/wp-content\/uploads\/2023\/01\/2023_Blanik-I-scaled.jpg 1920w\" sizes=\"auto, (max-width: 768px) 100vw, 768px\" \/><\/a><\/figure>\n<\/figure>\n<\/div>\n","protected":false},"excerpt":{"rendered":"<p>23. ro\u010dn\u00edk v\u00fdstupu na Velk\u00fd Blan\u00edk se konal 22.-24.z\u00e1\u0159\u00ed a z\u00fa\u010dastnilo se kr\u00e1sn\u00fdch 23 zdatn\u00fdch tv\u00e1\u0159\u00ed. Pod vlajkou Spolku p\u0159\u00e1tel<\/p>\n","protected":false},"author":7,"featured_media":4883,"comment_status":"closed","ping_status":"closed","sticky":false,"template":"","format":"standard","meta":{"colormag_page_layout":"default_layout","inline_featured_image":false,"ngg_post_thumbnail":0,"footnotes":""},"categories":[99,96,97],"tags":[54,53,132,101],"class_list":["post-3770","post","type-post","status-publish","format-standard","has-post-thumbnail","hentry","category-clanky-akce","category-stalo_se","category-stalo-se-2023","tag-54","tag-akce","tag-blanik","tag-stalo-se"],"_links":{"self":[{"href":"https:\/\/takpraha.cz\/index.php\/wp-json\/wp\/v2\/posts\/3770","targetHints":{"allow":["GET"]}}],"collection":[{"href":"https:\/\/takpraha.cz\/index.php\/wp-json\/wp\/v2\/posts"}],"about":[{"href":"https:\/\/takpraha.cz\/index.php\/wp-json\/wp\/v2\/types\/post"}],"author":[{"embeddable":true,"href":"https:\/\/takpraha.cz\/index.php\/wp-json\/wp\/v2\/users\/7"}],"replies":[{"embeddable":true,"href":"https:\/\/takpraha.cz\/index.php\/wp-json\/wp\/v2\/comments?post=3770"}],"version-history":[{"count":6,"href":"https:\/\/takpraha.cz\/index.php\/wp-json\/wp\/v2\/posts\/3770\/revisions"}],"predecessor-version":[{"id":5075,"href":"https:\/\/takpraha.cz\/index.php\/wp-json\/wp\/v2\/posts\/3770\/revisions\/5075"}],"wp:featuredmedia":[{"embeddable":true,"href":"https:\/\/takpraha.cz\/index.php\/wp-json\/wp\/v2\/media\/4883"}],"wp:attachment":[{"href":"https:\/\/takpraha.cz\/index.php\/wp-json\/wp\/v2\/media?parent=3770"}],"wp:term":[{"taxonomy":"category","embeddable":true,"href":"https:\/\/takpraha.cz\/index.php\/wp-json\/wp\/v2\/categories?post=3770"},{"taxonomy":"post_tag","embeddable":true,"href":"https:\/\/takpraha.cz\/index.php\/wp-json\/wp\/v2\/tags?post=3770"}],"curies":[{"name":"wp","href":"https:\/\/api.w.org\/{rel}","templated":true}]}}