{"id":4068,"date":"2023-04-25T03:03:22","date_gmt":"2023-04-25T01:03:22","guid":{"rendered":"https:\/\/takpraha.cz\/?p=4068"},"modified":"2023-09-01T12:06:31","modified_gmt":"2023-09-01T10:06:31","slug":"spiritual-kvintet-posledni-koncert-zvukovy-nesestrih","status":"publish","type":"post","link":"https:\/\/takpraha.cz\/index.php\/2023\/04\/25\/spiritual-kvintet-posledni-koncert-zvukovy-nesestrih\/","title":{"rendered":"Spiritu\u00e1l kvintet posledn\u00ed koncert zvukov\u00fd nesest\u0159ih"},"content":{"rendered":"\n<p>Ahoj p\u0159\u00e1tel\u00e9&nbsp;<\/p>\n\n\n\n<p>kdo jste nestihl \u017e\u00e1dn\u00fd ze z\u00e1v\u011bre\u010dn\u00fdch koncert\u016f Spiritu\u00e1l kvintetu v Lucern\u011b, m\u00e1te dosud mo\u017enost si alespo\u0148 nesest\u0159\u00edhan\u00fd zvukov\u00fd, v\u00edce ne\u017e t\u0159\u00edhodinov\u00fd z\u00e1znam&nbsp;&nbsp;z \u00fapln\u011b posledn\u00edho koncertu. Na za\u010d\u00e1tku je sest\u0159ih koncert\u016f z d\u0159evn\u00edch dob Spiritu\u00e1l kvartetu i kvintetu. Ur\u010dit\u011b to stoj\u00ed za poslech.<\/p>\n\n\n\n<p>Najdete ho na:&nbsp;<a href=\"https:\/\/dvojka.rozhlas.cz\/spiritual-kvintet-se-louci-poslechnete-si-nesestrihany-zaznam-jejich-uplne-8595622\" target=\"_blank\" rel=\"noreferrer noopener\">https:\/\/dvojka.rozhlas.cz\/spiritual-kvintet-se-louci-poslechnete-si-nesestrihany-zaznam-jejich-uplne-8595622<\/a><\/p>\n\n\n\n<p>P\u0159\u00edjemn\u00fd poslech v\u00e1m p\u0159eje<\/p>\n\n\n\n<p>L\u00e1\u010fa Dole\u0161\u00ed T1<\/p>\n","protected":false},"excerpt":{"rendered":"<p>Ahoj p\u0159\u00e1tel\u00e9&nbsp; kdo jste nestihl \u017e\u00e1dn\u00fd ze z\u00e1v\u011bre\u010dn\u00fdch koncert\u016f Spiritu\u00e1l kvintetu v Lucern\u011b, m\u00e1te dosud mo\u017enost si alespo\u0148 nesest\u0159\u00edhan\u00fd zvukov\u00fd,<\/p>\n","protected":false},"author":7,"featured_media":4069,"comment_status":"open","ping_status":"closed","sticky":false,"template":"","format":"standard","meta":{"colormag_page_layout":"default_layout","inline_featured_image":false,"ngg_post_thumbnail":0,"footnotes":""},"categories":[103],"tags":[109],"class_list":["post-4068","post","type-post","status-publish","format-standard","has-post-thumbnail","hentry","category-clanky-ruzne","tag-kultura"],"_links":{"self":[{"href":"https:\/\/takpraha.cz\/index.php\/wp-json\/wp\/v2\/posts\/4068","targetHints":{"allow":["GET"]}}],"collection":[{"href":"https:\/\/takpraha.cz\/index.php\/wp-json\/wp\/v2\/posts"}],"about":[{"href":"https:\/\/takpraha.cz\/index.php\/wp-json\/wp\/v2\/types\/post"}],"author":[{"embeddable":true,"href":"https:\/\/takpraha.cz\/index.php\/wp-json\/wp\/v2\/users\/7"}],"replies":[{"embeddable":true,"href":"https:\/\/takpraha.cz\/index.php\/wp-json\/wp\/v2\/comments?post=4068"}],"version-history":[{"count":1,"href":"https:\/\/takpraha.cz\/index.php\/wp-json\/wp\/v2\/posts\/4068\/revisions"}],"predecessor-version":[{"id":4070,"href":"https:\/\/takpraha.cz\/index.php\/wp-json\/wp\/v2\/posts\/4068\/revisions\/4070"}],"wp:featuredmedia":[{"embeddable":true,"href":"https:\/\/takpraha.cz\/index.php\/wp-json\/wp\/v2\/media\/4069"}],"wp:attachment":[{"href":"https:\/\/takpraha.cz\/index.php\/wp-json\/wp\/v2\/media?parent=4068"}],"wp:term":[{"taxonomy":"category","embeddable":true,"href":"https:\/\/takpraha.cz\/index.php\/wp-json\/wp\/v2\/categories?post=4068"},{"taxonomy":"post_tag","embeddable":true,"href":"https:\/\/takpraha.cz\/index.php\/wp-json\/wp\/v2\/tags?post=4068"}],"curies":[{"name":"wp","href":"https:\/\/api.w.org\/{rel}","templated":true}]}}