{"id":4315,"date":"2023-06-05T18:15:00","date_gmt":"2023-06-05T16:15:00","guid":{"rendered":"https:\/\/takpraha.cz\/?p=4315"},"modified":"2023-06-09T23:31:54","modified_gmt":"2023-06-09T21:31:54","slug":"takova-schuze-2023-06-05","status":"publish","type":"post","link":"https:\/\/takpraha.cz\/index.php\/2023\/06\/05\/takova-schuze-2023-06-05\/","title":{"rendered":"TAKov\u00e1 sch\u016fze 2023-06-05"},"content":{"rendered":"\n<figure class=\"wp-block-image\"><img decoding=\"async\" src=\"https:\/\/lh3.googleusercontent.com\/cm\/AOLgnvupegoB3np7c-kJMtwwVlNgHi15G9VYc8O-WlNLZiHhoK-ZgGVWwSCiBzzQdXZF=s40-p\" alt=\"\"\/><\/figure>\n\n\n\n<p>Sch\u016fzi vedl Hasi\u010d. P\u0159\u00edtomno 23.<br>*** STALO SE<br>** STEZKA&nbsp; A1\/2<br>&nbsp; &nbsp; se vyda\u0159ila a byla op\u011bt pochv\u00e1lena, na TAKov\u00fdch str\u00e1nk\u00e1ch jsou fotky.<br>** Orien\u0165\u00e1k v Keblanech&nbsp;<br>&nbsp; &nbsp; prob\u011bhl a nikdo se neztratil, bylo asi 20 \u00fa\u010dastn\u00edk\u016f.<br>** Na Horolezeck\u00e9m v\u00edkendu 26.-28.5. na Oberv\u00e9grech prob\u011bhla mimo jin\u00e9 oslava v\u00fdstupu Evy Perglerov\u00e9 (Ev\u00edk) na Mount Everest.<br>** V horolezeck\u00e9m kempu Ostrov vstoupil do man\u017eelstv\u00ed s Ka\u010dkou Vlachovou symbolicky slan\u011bn\u00edm Va\u0161ek \u0158eh\u00e1k.<\/p>\n\n\n\n<p>*** CHYST\u00c1 SE<br>** TYKOLKA&nbsp; 16.-18.6., bude, po\u0159\u00e1daj\u00ed Moravcovi, podrobnosti na TAKov\u00fdch str\u00e1nk\u00e1ch<br>**&nbsp; No\u010dn\u00ed cesta s lahv\u00ed obl\u00edben\u00e9ho n\u00e1poje v t\u00e9m\u017ee term\u00ednu, cca 12 km, hla\u0161te se Honzovi Ma\u0148\u00e1kovi<br>**&nbsp; V\u00edt\u00e1n\u00ed l\u00e9ta ve Vojanov\u00fdch sadech 20.6. od 18 hodin. Apel na \u00fa\u010dastn\u00edky : Nep\u0159en\u00e1\u0161ejte lavi\u010dky !!<br>** 44. Letn\u00ed Pantakov\u00e9 hry v Sob\u011bslavi 23.-25.6. Na webu jsou p\u0159ihl\u00e1\u0161ky, je t\u0159eba se hl\u00e1sit, co nejd\u0159\u00edve !<br>**&nbsp; Patn\u00e1ctkov\u00fd Ple\u0161iveck\u00fd potlach na Ha\u010f\u00e1rn\u011b 29.6. Bude zde t\u00e9\u017e p\u0159ed\u00e1na Blance Chvojov\u00e9 cena za nejlep\u0161\u00ed fotku z b\u00e1lu.<br>**&nbsp; \u010cervencov\u00e1 sch\u016fze bude 10.7. od 18 hod v op\u011bt Besedn\u00ed restauraci U Ritschel\u016f v Hlubo\u010dep\u00edch.<br>**&nbsp; Cyklov\u00fdlet do Polab\u00ed 26.8. &#8211; hla\u0161te se Jirkovi Kl\u00edmovi.<br>**&nbsp; 18. Cesta jenom tam&nbsp; 1.-3.9. (zuba\u010dka Ko\u0159enov). Hla\u0161te se Ivanovi Fridrichovi se z\u00e1lohou 300 K\u010d b\u011bhem \u010dervna. Sp\u00ed se&nbsp; v kempu v Sedmihork\u00e1ch, zde si ka\u017ed\u00fd \u00fa\u010dastn\u00edk s\u00e1m objedn\u00e1 nocleh (chatky),<br>&nbsp; &nbsp; &nbsp; rezervace v Sedmihork\u00e1ch je mo\u017en\u00e1 a\u017e od 31.7.<br>**&nbsp; &nbsp;Lesn\u00ed hry&nbsp; 15.-17.9.&nbsp; se uvolila uskute\u010dnit \u0160\u00e1rka (bude je\u0161t\u011b up\u0159esn\u011bno).<br>**&nbsp; 13. V\u00fdstup na Blan\u00edk 24.9. po\u0159\u00e1d\u00e1 Vl\u00e1\u010fa \u0160vejda (t10)<br>**&nbsp; 65. Stezka 27.9. &#8211; 1.10. nese&nbsp; jm\u00e9no &#8222;Kol\u00e1\u010dov\u00e1&#8220;, po\u0159\u00e1d\u00e1 t23, na webu jsou informace a p\u0159ihl\u00e1\u0161ky.<br>&nbsp; &nbsp; &nbsp; P\u0159ed Stezkou bude Velk\u00e1 rada.<br>**&nbsp; Zakon\u010den\u00ed cyklosez\u00f3ny v Choceradech 7.-8.10. Moravcovi.<br>**&nbsp; 60. v\u00fdro\u010d\u00ed TAKu&nbsp; 13.-15.10.&nbsp; &nbsp;bude v Melchiorov\u011b huti (Plze\u0148sko sever). Po Rad\u011b bude dal\u0161\u00ed info.<\/p>\n\n\n\n<p>*** \u010cLENSK\u00c9 P\u0158\u00cdSP\u011aVKY<br>&nbsp; &nbsp; &nbsp; Posledn\u00ed term\u00edn na zaplacen\u00ed bez p\u0159ir\u00e1\u017eky je na \u010dervencov\u00e9 sch\u016fzi. Mo\u017eno zaplatit i p\u0159evodem.<br>*** INZERCE<br>&nbsp;**&nbsp; \u010e\u00e1bl\u00edci maj\u00ed volno na t\u00e1bor v Keblanech 16. -29.7. Vedouc\u00ed Kl\u00e1ra Podrazilov\u00e1.<br>&nbsp;**&nbsp; Objevitel\u00e9 hledaj\u00ed na t\u00e1bor zdravotn\u00edka 30.7. &#8211; 13.8. Vedouc\u00ed K\u00e1\u010da Re\u017en\u00e1.<br>&nbsp;**&nbsp; Ubytov\u00e1n\u00ed na MFF Karlovy Vary 30.6.- 8.7. &#8211; je p\u00e1r voln\u00fdch m\u00edst v ubytovn\u011b.&nbsp; Kontakt Veronika JIravov\u00e1.&nbsp; &nbsp;<\/p>\n\n\n\n<p>*** Pozv\u00e1nky na r\u016fzn\u00e9 kulturn\u00ed akce<br>&nbsp; &nbsp; &nbsp; najdete v Poradn\u00edku.<\/p>\n\n\n\n<p>Za Ivana zapsal Pet\u0159\u00edk<\/p>\n","protected":false},"excerpt":{"rendered":"<p>Sch\u016fzi vedl Hasi\u010d. P\u0159\u00edtomno 23.*** STALO SE** STEZKA&nbsp; A1\/2&nbsp; &nbsp; se vyda\u0159ila a byla op\u011bt pochv\u00e1lena, na TAKov\u00fdch str\u00e1nk\u00e1ch jsou<\/p>\n","protected":false},"author":7,"featured_media":0,"comment_status":"closed","ping_status":"open","sticky":false,"template":"","format":"standard","meta":{"colormag_page_layout":"default_layout","inline_featured_image":false,"ngg_post_thumbnail":0,"footnotes":""},"categories":[94],"tags":[54,110],"class_list":["post-4315","post","type-post","status-publish","format-standard","hentry","category-zapisy-ze-schuze","tag-54","tag-zpravy-ze-schuze"],"_links":{"self":[{"href":"https:\/\/takpraha.cz\/index.php\/wp-json\/wp\/v2\/posts\/4315","targetHints":{"allow":["GET"]}}],"collection":[{"href":"https:\/\/takpraha.cz\/index.php\/wp-json\/wp\/v2\/posts"}],"about":[{"href":"https:\/\/takpraha.cz\/index.php\/wp-json\/wp\/v2\/types\/post"}],"author":[{"embeddable":true,"href":"https:\/\/takpraha.cz\/index.php\/wp-json\/wp\/v2\/users\/7"}],"replies":[{"embeddable":true,"href":"https:\/\/takpraha.cz\/index.php\/wp-json\/wp\/v2\/comments?post=4315"}],"version-history":[{"count":1,"href":"https:\/\/takpraha.cz\/index.php\/wp-json\/wp\/v2\/posts\/4315\/revisions"}],"predecessor-version":[{"id":4316,"href":"https:\/\/takpraha.cz\/index.php\/wp-json\/wp\/v2\/posts\/4315\/revisions\/4316"}],"wp:attachment":[{"href":"https:\/\/takpraha.cz\/index.php\/wp-json\/wp\/v2\/media?parent=4315"}],"wp:term":[{"taxonomy":"category","embeddable":true,"href":"https:\/\/takpraha.cz\/index.php\/wp-json\/wp\/v2\/categories?post=4315"},{"taxonomy":"post_tag","embeddable":true,"href":"https:\/\/takpraha.cz\/index.php\/wp-json\/wp\/v2\/tags?post=4315"}],"curies":[{"name":"wp","href":"https:\/\/api.w.org\/{rel}","templated":true}]}}