{"id":4656,"date":"2023-08-31T21:43:22","date_gmt":"2023-08-31T19:43:22","guid":{"rendered":"https:\/\/takpraha.cz\/?p=4656"},"modified":"2023-08-31T22:15:24","modified_gmt":"2023-08-31T20:15:24","slug":"prumyslova-tezba-vltavinu-se-v-locenicich-zatim-rozsirovat-nebude-rozhodlo-ministerstvo","status":"publish","type":"post","link":"https:\/\/takpraha.cz\/index.php\/2023\/08\/31\/prumyslova-tezba-vltavinu-se-v-locenicich-zatim-rozsirovat-nebude-rozhodlo-ministerstvo\/","title":{"rendered":"Pr\u016fmyslov\u00e1 t\u011b\u017eba vltav\u00edn\u016f se v Lo\u010denic\u00edch zat\u00edm roz\u0161i\u0159ovat nebude, rozhodlo ministerstvo"},"content":{"rendered":"\n<p>T\u011b\u017eba vltav\u00edn\u016f v okol\u00ed Lo\u010denic je zat\u00edm pozastavena. D\u00edky v\u0161em, co podepsali petici a pomohli zastavit roz\u0161i\u0159ov\u00e1n\u00ed &#8222;lomu&#8220;. Z\u016fsta\u0148me ale je\u0161t\u011b rad\u011bji v pohotovosti, podklady se p\u0159ezkoum\u00e1vaj\u00ed, dokl\u00e1daj\u00ed se nov\u00e1 stanoviska &#8230; <strong><a href=\"https:\/\/portal.cenia.cz\/eiasea\/download\/RUlBX09WMjA4MV96amlzdG92YWNpRE9DXzMzNzIxOTI1MTE1MDgzOTYyMDUucGRm\/OV2081_zjistovaci.pdf\">z\u00e1v\u011bry zji\u0161\u0165ovac\u00edho \u0159\u00edzen\u00ed.<\/a><\/strong><br><br>Ministerstvo \u017eivotn\u00edho prost\u0159ed\u00ed zat\u00edm pozastavilo z\u00e1m\u011br roz\u0161\u00ed\u0159en\u00ed pr\u016fmyslov\u00e9 t\u011b\u017eby vltav\u00edn\u016f v Lo\u010denic\u00edch na \u010ceskobud\u011bjovicku. Soukrom\u00e1 firma tam cht\u011bla st\u00e1vaj\u00edc\u00ed lom zv\u011bt\u0161it zhruba o t\u0159icet hektar\u016f. Nyn\u00ed ale mus\u00ed \u017e\u00e1dost p\u0159epracovat a doplnit o dal\u0161\u00ed studie. P\u0159isp\u011bla k tomu i petice tamn\u00edch obyvatel, kte\u0159\u00ed s \u00famyslem nesouhlas\u00ed. <strong><a href=\"https:\/\/ct24.ceskatelevize.cz\/regiony\/3609535-prumyslova-tezba-vltavinu-se-v-locenicich-zatim-rozsirovat-nebude-rozhodlo\">Report\u00e1\u017e na \u010cT 24<\/a> a <a href=\"https:\/\/www.idnes.cz\/ceske-budejovice\/zpravy\/vltaviny-tezba-nelegalni-petr-hladik-petice-locenice.A230817_744114_budejovice-zpravy_tok\">\u010dl\u00e1nek iDNES<\/a>. <\/strong><br>Veronika Jiravov\u00e1<\/p>\n","protected":false},"excerpt":{"rendered":"<p>T\u011b\u017eba vltav\u00edn\u016f v okol\u00ed Lo\u010denic je zat\u00edm pozastavena. D\u00edky v\u0161em, co podepsali petici a pomohli zastavit roz\u0161i\u0159ov\u00e1n\u00ed &#8222;lomu&#8220;. Z\u016fsta\u0148me ale<\/p>\n","protected":false},"author":7,"featured_media":4657,"comment_status":"closed","ping_status":"open","sticky":false,"template":"","format":"standard","meta":{"colormag_page_layout":"default_layout","inline_featured_image":false,"ngg_post_thumbnail":0,"footnotes":""},"categories":[102],"tags":[54,48,56,123],"class_list":["post-4656","post","type-post","status-publish","format-standard","has-post-thumbnail","hentry","category-clanky-tabory","tag-54","tag-clanek","tag-tabory","tag-vltaviny"],"_links":{"self":[{"href":"https:\/\/takpraha.cz\/index.php\/wp-json\/wp\/v2\/posts\/4656","targetHints":{"allow":["GET"]}}],"collection":[{"href":"https:\/\/takpraha.cz\/index.php\/wp-json\/wp\/v2\/posts"}],"about":[{"href":"https:\/\/takpraha.cz\/index.php\/wp-json\/wp\/v2\/types\/post"}],"author":[{"embeddable":true,"href":"https:\/\/takpraha.cz\/index.php\/wp-json\/wp\/v2\/users\/7"}],"replies":[{"embeddable":true,"href":"https:\/\/takpraha.cz\/index.php\/wp-json\/wp\/v2\/comments?post=4656"}],"version-history":[{"count":4,"href":"https:\/\/takpraha.cz\/index.php\/wp-json\/wp\/v2\/posts\/4656\/revisions"}],"predecessor-version":[{"id":4663,"href":"https:\/\/takpraha.cz\/index.php\/wp-json\/wp\/v2\/posts\/4656\/revisions\/4663"}],"wp:featuredmedia":[{"embeddable":true,"href":"https:\/\/takpraha.cz\/index.php\/wp-json\/wp\/v2\/media\/4657"}],"wp:attachment":[{"href":"https:\/\/takpraha.cz\/index.php\/wp-json\/wp\/v2\/media?parent=4656"}],"wp:term":[{"taxonomy":"category","embeddable":true,"href":"https:\/\/takpraha.cz\/index.php\/wp-json\/wp\/v2\/categories?post=4656"},{"taxonomy":"post_tag","embeddable":true,"href":"https:\/\/takpraha.cz\/index.php\/wp-json\/wp\/v2\/tags?post=4656"}],"curies":[{"name":"wp","href":"https:\/\/api.w.org\/{rel}","templated":true}]}}