{"id":5008,"date":"2023-11-02T00:07:45","date_gmt":"2023-11-01T23:07:45","guid":{"rendered":"https:\/\/takpraha.cz\/?p=5008"},"modified":"2023-11-02T17:12:39","modified_gmt":"2023-11-02T16:12:39","slug":"2-stezka-orlickymi-horami-par-slov-a-dve-fotografie","status":"publish","type":"post","link":"https:\/\/takpraha.cz\/index.php\/2023\/11\/02\/2-stezka-orlickymi-horami-par-slov-a-dve-fotografie\/","title":{"rendered":"2. Stezka Orlick\u00fdmi horami &#8211; p\u00e1r slov a dv\u011b fotografie (1964)"},"content":{"rendered":"\n<div class=\"wp-block-group is-layout-flow wp-block-group-is-layout-flow\">\n<div class=\"wp-block-group is-layout-flow wp-block-group-is-layout-flow\">\n<p>Ta fotka je p\u016fvodem ze zakon\u010den\u00ed 2. Stezky Orlick\u00fdmi horami (jako 1. trasa jsme si to nat\u00e1hli na 5 dn\u00ed a\u017e z Jesen\u00edk\u016f), to zam\u0159\u00ed\u017eovan\u00e9 ok\u00e9nko je z &#8222;hospody&#8220;, mo\u017en\u00e1, \u017ee z\u0159\u00edzen\u00e9 ad hoc pouze pro zakon\u010den\u00ed Stezky. Ti dva zam\u0159\u00ed\u017eovan\u00ed jsou snad k pozn\u00e1n\u00ed, aspo\u0148 pro star\u0161\u00ed \u00fa\u010dastn\u00edky. Takto tedy vypadali &#8222;Jedni\u010dk\u00e1\u0159i&#8220; Tonda Rosick\u00fd a J\u00falius &#8222;D\u017eusy&#8220; Csont\u00f3 (dnes dl\u00edc\u00ed v Ko\u0161ic\u00edch) v den zakon\u010den\u00ed 2. Stezky Orlick\u00e9 hory, tedy 11. 10. 1964. Tu fotku jsem , aspo\u0148 si to dodnes mysl\u00edm, sejmul j\u00e1 s\u00e1m. V dob\u011b, kdy jsme pro Stezka\u0159e vyr\u00e1b\u011bli a fotorozmno\u017eovali Stezkov\u00e9 pohlednice, jsem z t\u00e9to fotky m\u00fdch dvou \u0161koln\u00edch a trasov\u00fdch koleg\u016f vyrobil pro 10. v\u00fdro\u010d\u00ed TAKu s vyu\u017eit\u00edm kreslen\u00e9ho vtipu Pavla Kantorka tuto rad\u016fstku. P\u0159ipojuji i nep\u0159\u00edli\u0161 poveden\u00e9 fotky z tehdej\u0161\u00edho zakon\u010den\u00ed ve Zdobnici, na jedn\u00e9 je vid\u011bt budovu, kter\u00e1 slou\u017eila na zakon\u010den\u00ed jako &#8222;osv\u011b\u017eovna&#8220;, jej\u00ed\u017e jedno ok\u00e9nko bylo&nbsp; opat\u0159eno m\u0159\u00ed\u017e\u00ed a bylo vyu\u017eito pro tuto fotku. Na druh\u00e9 je pak zv\u011b\u010dn\u011bno z\u00e1v\u011bre\u010dn\u00fd tanec Hoky-Koky, tradi\u010dn\u00ed to stezkov\u00e9 spole\u010dn\u00e9 cvi\u010den\u00ed na odchodnou. Z\u00e1v\u011bre\u010dn\u00fd Val\u010d\u00edk na rozlou\u010denou na no\u010dn\u00edm n\u00e1dra\u017e\u00ed po p\u0159\u00edjezdu do Prahy byl pro n\u00e1dra\u017en\u00ed person\u00e1l p\u0159\u00edjemn\u00fdm zpest\u0159en\u00edm.<\/p>\n\n\n\n<p>Tolik k t\u00e9 pam\u00e1tn\u00e9 fotce. Mo\u017en\u00e1, \u017ee by se k leto\u0161n\u00ed \u0161edes\u00e1tce mohlo n\u011bco z t\u00e9 \u0161edes\u00e1tilet\u00e9 historie vybrat a vydat &#8211; n\u011bjak\u00e9 Stezkov\u00e9 vesel\u00e9 ud\u00e1losti a podobn\u011b. Takov\u00fd stru\u010dn\u00fd Alman\u00e1\u0161ek<\/p>\n\n\n\n<p>L\u00e1\u010fa Dolej\u0161\u00ed T1<\/p>\n\n\n\n<figure class=\"wp-block-gallery has-nested-images columns-default is-cropped wp-block-gallery-2 is-layout-flex wp-block-gallery-is-layout-flex\">\n<figure class=\"wp-block-image size-large\"><a href=\"https:\/\/takpraha.cz\/wp-content\/uploads\/2023\/11\/Stezka-2.-zakonc.-Zdobnice-Hoky-Koky.jpg\" data-lbwps-width=\"1280\" data-lbwps-height=\"656\" data-lbwps-srcsmall=\"https:\/\/takpraha.cz\/wp-content\/uploads\/2023\/11\/Stezka-2.-zakonc.-Zdobnice-Hoky-Koky-300x154.jpg\"><img loading=\"lazy\" decoding=\"async\" width=\"1024\" height=\"525\" data-id=\"5009\" src=\"https:\/\/takpraha.cz\/wp-content\/uploads\/2023\/11\/Stezka-2.-zakonc.-Zdobnice-Hoky-Koky-1024x525.jpg\" alt=\"\" class=\"wp-image-5009\" srcset=\"https:\/\/takpraha.cz\/wp-content\/uploads\/2023\/11\/Stezka-2.-zakonc.-Zdobnice-Hoky-Koky-1024x525.jpg 1024w, https:\/\/takpraha.cz\/wp-content\/uploads\/2023\/11\/Stezka-2.-zakonc.-Zdobnice-Hoky-Koky-300x154.jpg 300w, https:\/\/takpraha.cz\/wp-content\/uploads\/2023\/11\/Stezka-2.-zakonc.-Zdobnice-Hoky-Koky-768x394.jpg 768w, https:\/\/takpraha.cz\/wp-content\/uploads\/2023\/11\/Stezka-2.-zakonc.-Zdobnice-Hoky-Koky.jpg 1280w\" sizes=\"auto, (max-width: 1024px) 100vw, 1024px\" \/><\/a><\/figure>\n\n\n\n<figure class=\"wp-block-image size-large\"><a href=\"https:\/\/takpraha.cz\/wp-content\/uploads\/2023\/11\/2.-Stezka-zakonc.-Zdobnice.-hospoda.jpg\" data-lbwps-width=\"1410\" data-lbwps-height=\"1000\" data-lbwps-srcsmall=\"https:\/\/takpraha.cz\/wp-content\/uploads\/2023\/11\/2.-Stezka-zakonc.-Zdobnice.-hospoda.jpg\"><img loading=\"lazy\" decoding=\"async\" width=\"1024\" height=\"726\" data-id=\"5010\" src=\"https:\/\/takpraha.cz\/wp-content\/uploads\/2023\/11\/2.-Stezka-zakonc.-Zdobnice.-hospoda-1024x726.jpg\" alt=\"\" class=\"wp-image-5010\" srcset=\"https:\/\/takpraha.cz\/wp-content\/uploads\/2023\/11\/2.-Stezka-zakonc.-Zdobnice.-hospoda-1024x726.jpg 1024w, https:\/\/takpraha.cz\/wp-content\/uploads\/2023\/11\/2.-Stezka-zakonc.-Zdobnice.-hospoda-300x213.jpg 300w, https:\/\/takpraha.cz\/wp-content\/uploads\/2023\/11\/2.-Stezka-zakonc.-Zdobnice.-hospoda-768x545.jpg 768w, https:\/\/takpraha.cz\/wp-content\/uploads\/2023\/11\/2.-Stezka-zakonc.-Zdobnice.-hospoda-rotated.jpg 1410w\" sizes=\"auto, (max-width: 1024px) 100vw, 1024px\" \/><\/a><\/figure>\n<\/figure>\n<\/div>\n<\/div>\n","protected":false},"excerpt":{"rendered":"<p>Ta fotka je p\u016fvodem ze zakon\u010den\u00ed 2. Stezky Orlick\u00fdmi horami (jako 1. trasa jsme si to nat\u00e1hli na 5 dn\u00ed<\/p>\n","protected":false},"author":7,"featured_media":0,"comment_status":"closed","ping_status":"open","sticky":false,"template":"","format":"standard","meta":{"colormag_page_layout":"default_layout","inline_featured_image":false,"ngg_post_thumbnail":0,"footnotes":""},"categories":[29,100,10,8,96],"tags":[129,48,45,11],"class_list":["post-5008","post","type-post","status-publish","format-standard","hentry","category-clanky","category-clanky-historicke","category-clanky-stezka","category-fotogalerie","category-stalo_se","tag-archiv","tag-clanek","tag-fotogalerie","tag-stezka"],"_links":{"self":[{"href":"https:\/\/takpraha.cz\/index.php\/wp-json\/wp\/v2\/posts\/5008","targetHints":{"allow":["GET"]}}],"collection":[{"href":"https:\/\/takpraha.cz\/index.php\/wp-json\/wp\/v2\/posts"}],"about":[{"href":"https:\/\/takpraha.cz\/index.php\/wp-json\/wp\/v2\/types\/post"}],"author":[{"embeddable":true,"href":"https:\/\/takpraha.cz\/index.php\/wp-json\/wp\/v2\/users\/7"}],"replies":[{"embeddable":true,"href":"https:\/\/takpraha.cz\/index.php\/wp-json\/wp\/v2\/comments?post=5008"}],"version-history":[{"count":3,"href":"https:\/\/takpraha.cz\/index.php\/wp-json\/wp\/v2\/posts\/5008\/revisions"}],"predecessor-version":[{"id":5021,"href":"https:\/\/takpraha.cz\/index.php\/wp-json\/wp\/v2\/posts\/5008\/revisions\/5021"}],"wp:attachment":[{"href":"https:\/\/takpraha.cz\/index.php\/wp-json\/wp\/v2\/media?parent=5008"}],"wp:term":[{"taxonomy":"category","embeddable":true,"href":"https:\/\/takpraha.cz\/index.php\/wp-json\/wp\/v2\/categories?post=5008"},{"taxonomy":"post_tag","embeddable":true,"href":"https:\/\/takpraha.cz\/index.php\/wp-json\/wp\/v2\/tags?post=5008"}],"curies":[{"name":"wp","href":"https:\/\/api.w.org\/{rel}","templated":true}]}}