{"id":5138,"date":"2023-12-16T13:33:03","date_gmt":"2023-12-16T12:33:03","guid":{"rendered":"https:\/\/takpraha.cz\/?p=5138"},"modified":"2023-12-16T13:33:04","modified_gmt":"2023-12-16T12:33:04","slug":"vzpominka-na-vladu-svestku","status":"publish","type":"post","link":"https:\/\/takpraha.cz\/index.php\/2023\/12\/16\/vzpominka-na-vladu-svestku\/","title":{"rendered":"Vzpom\u00ednka na Vl\u00e1\u010fu \u0160vestku"},"content":{"rendered":"\n<div class=\"wp-block-group is-layout-constrained wp-block-group-is-layout-constrained\">\n<p>&nbsp;&nbsp; &nbsp;Vl\u00e1\u010fa, rod\u00e1k z B\u011bstviny v \u017delezn\u00fdch hor\u00e1ch, muzikant par excellans, byl \u010dinorod\u00fd \u010dlov\u011bk. Hr\u00e1l s kapelou nejen na sv\u00e9 mate\u0159sk\u00e9&nbsp;osmi\u010dce, ale nav\u0161t\u011bvoval se sv\u00fdmi houslemi i sleziny mnoh\u00fdch tras. A v\u0161ude odv\u00e1d\u011bl dobr\u00e9 muzikantsk\u00e9 \u0159emeslo a rozd\u00e1val radost.<\/p>\n\n\n\n<p>&nbsp; &nbsp; &nbsp; &nbsp;Naposled jsem s n\u00edm hovo\u0159il po zakon\u010den\u00ed Stezky v kin\u011b v Doma\u017elic\u00edch. Ale pr\u00e1v\u011b za\u010dala hr\u00e1t pod jevi\u0161t\u011bm kapela a on se omluvil, \u017ee si mus\u00ed j\u00edt zahr\u00e1t. A bylo to asi jeho posledn\u00ed vystoupen\u00ed na Stezce. Na oslavy v\u00fdro\u010d\u00ed zalo\u017een\u00ed TAKu&nbsp; byl tak\u00e9 p\u0159ihl\u00e1\u0161en, ale u\u017e se nedostavil.<\/p>\n\n\n\n<p>&nbsp; &nbsp; &nbsp; &nbsp;A dnes u\u017e hraje tam naho\u0159e s nebeskou kapelou a douf\u00e1m, \u017ee tak\u00e9 sv\u016fj obl\u00edben\u00fd Novgorod a s p\u0159ehledem ze stolu diriguje sv\u00e9 hudebn\u00ed kamar\u00e1dy.&nbsp;<\/p>\n\n\n\n<p>&nbsp; &nbsp; &nbsp; &nbsp;D\u00edky Vl\u00e1\u010fo za mil\u00e9 chv\u00edle pro\u017eit\u00e9 v Tv\u00e9 spole\u010dnosti, bude\u0161 cel\u00e9mu TAKu moc chyb\u011bt&#8230;.<\/p>\n\n\n\n<p><a href=\"https:\/\/www.youtube.com\/watch?v=fHJQQdSQig4\" target=\"_blank\" rel=\"noreferrer noopener\">Kdy\u017e p\u0159ed kapl\u00ed tu zp\u00edv\u00e1m na schodech&#8230; (youtube.com)<\/a><\/p>\n\n\n\n<p>Jimmy &#8211; trasa 1<\/p>\n<\/div>\n\n\n\n<figure class=\"wp-block-image size-large\"><img loading=\"lazy\" decoding=\"async\" width=\"1024\" height=\"732\" src=\"https:\/\/takpraha.cz\/wp-content\/uploads\/2023\/12\/Vlada-Svestka-1024x732.jpg\" alt=\"\" class=\"wp-image-5139\" srcset=\"https:\/\/takpraha.cz\/wp-content\/uploads\/2023\/12\/Vlada-Svestka-1024x732.jpg 1024w, https:\/\/takpraha.cz\/wp-content\/uploads\/2023\/12\/Vlada-Svestka-300x214.jpg 300w, https:\/\/takpraha.cz\/wp-content\/uploads\/2023\/12\/Vlada-Svestka-768x549.jpg 768w, https:\/\/takpraha.cz\/wp-content\/uploads\/2023\/12\/Vlada-Svestka-1536x1098.jpg 1536w, https:\/\/takpraha.cz\/wp-content\/uploads\/2023\/12\/Vlada-Svestka.jpg 1946w\" sizes=\"auto, (max-width: 1024px) 100vw, 1024px\" \/><\/figure>\n","protected":false},"excerpt":{"rendered":"<p>&nbsp;&nbsp; &nbsp;Vl\u00e1\u010fa, rod\u00e1k z B\u011bstviny v \u017delezn\u00fdch hor\u00e1ch, muzikant par excellans, byl \u010dinorod\u00fd \u010dlov\u011bk. Hr\u00e1l s kapelou nejen na sv\u00e9<\/p>\n","protected":false},"author":7,"featured_media":5139,"comment_status":"closed","ping_status":"closed","sticky":false,"template":"","format":"standard","meta":{"colormag_page_layout":"default_layout","inline_featured_image":false,"ngg_post_thumbnail":0,"footnotes":""},"categories":[10,105],"tags":[48],"class_list":["post-5138","post","type-post","status-publish","format-standard","has-post-thumbnail","hentry","category-clanky-stezka","category-ze-spolecnosti","tag-clanek"],"_links":{"self":[{"href":"https:\/\/takpraha.cz\/index.php\/wp-json\/wp\/v2\/posts\/5138","targetHints":{"allow":["GET"]}}],"collection":[{"href":"https:\/\/takpraha.cz\/index.php\/wp-json\/wp\/v2\/posts"}],"about":[{"href":"https:\/\/takpraha.cz\/index.php\/wp-json\/wp\/v2\/types\/post"}],"author":[{"embeddable":true,"href":"https:\/\/takpraha.cz\/index.php\/wp-json\/wp\/v2\/users\/7"}],"replies":[{"embeddable":true,"href":"https:\/\/takpraha.cz\/index.php\/wp-json\/wp\/v2\/comments?post=5138"}],"version-history":[{"count":1,"href":"https:\/\/takpraha.cz\/index.php\/wp-json\/wp\/v2\/posts\/5138\/revisions"}],"predecessor-version":[{"id":5140,"href":"https:\/\/takpraha.cz\/index.php\/wp-json\/wp\/v2\/posts\/5138\/revisions\/5140"}],"wp:featuredmedia":[{"embeddable":true,"href":"https:\/\/takpraha.cz\/index.php\/wp-json\/wp\/v2\/media\/5139"}],"wp:attachment":[{"href":"https:\/\/takpraha.cz\/index.php\/wp-json\/wp\/v2\/media?parent=5138"}],"wp:term":[{"taxonomy":"category","embeddable":true,"href":"https:\/\/takpraha.cz\/index.php\/wp-json\/wp\/v2\/categories?post=5138"},{"taxonomy":"post_tag","embeddable":true,"href":"https:\/\/takpraha.cz\/index.php\/wp-json\/wp\/v2\/tags?post=5138"}],"curies":[{"name":"wp","href":"https:\/\/api.w.org\/{rel}","templated":true}]}}