{"id":6729,"date":"2025-03-23T09:52:00","date_gmt":"2025-03-23T08:52:00","guid":{"rendered":"https:\/\/takpraha.cz\/?p=6729"},"modified":"2025-04-04T14:36:40","modified_gmt":"2025-04-04T12:36:40","slug":"zahajeni-horo-sezony-2","status":"publish","type":"post","link":"https:\/\/takpraha.cz\/index.php\/2025\/03\/23\/zahajeni-horo-sezony-2\/","title":{"rendered":"Zah\u00e1jen\u00ed HORO sez\u00f3ny 23. 3. 2025"},"content":{"rendered":"\n<p>KDY: v <strong>ned\u011bli 23.3.2025<\/strong><\/p>\n\n\n\n<p>Tradi\u010dn\u00ed zah\u00e1jen\u00ed horolezeck\u00e9 sez\u00f3ny v <strong><a href=\"https:\/\/en.mapy.cz\/turisticka?source=base&amp;id=2085662&amp;ds=1&amp;x=14.3038727&amp;y=49.9135217&amp;z=17\">\u010cernolic\u00edch<\/a><\/strong> po\u0159\u00e1dal Horo odd\u00edl.<br><br>Dle p\u0159\u00edm\u00e9ho zdroje se z\u00fa\u010dastnilo<strong> cca 10 borc\u016f v\u0161ech generac\u00ed,<\/strong> <strong>vylezli n\u011bkolik cest<\/strong>, <strong>nikdo se nezranil<\/strong> a odpoledne za m\u00edrn\u00e9ho de\u0161t\u011b bezpe\u010dn\u011b sestoupili do hospody.<\/p>\n\n\n\n<figure class=\"wp-block-gallery has-nested-images columns-default is-cropped wp-block-gallery-2 is-layout-flex wp-block-gallery-is-layout-flex\">\n<figure class=\"wp-block-image size-large\"><img loading=\"lazy\" decoding=\"async\" width=\"1024\" height=\"768\" data-id=\"7033\" src=\"https:\/\/takpraha.cz\/wp-content\/uploads\/2025\/03\/2025-_-zahajeni-HORO_image0-4-1024x768.jpeg\" alt=\"\" class=\"wp-image-7033\" srcset=\"https:\/\/takpraha.cz\/wp-content\/uploads\/2025\/03\/2025-_-zahajeni-HORO_image0-4-1024x768.jpeg 1024w, https:\/\/takpraha.cz\/wp-content\/uploads\/2025\/03\/2025-_-zahajeni-HORO_image0-4-300x225.jpeg 300w, https:\/\/takpraha.cz\/wp-content\/uploads\/2025\/03\/2025-_-zahajeni-HORO_image0-4-768x576.jpeg 768w, https:\/\/takpraha.cz\/wp-content\/uploads\/2025\/03\/2025-_-zahajeni-HORO_image0-4-1536x1152.jpeg 1536w, https:\/\/takpraha.cz\/wp-content\/uploads\/2025\/03\/2025-_-zahajeni-HORO_image0-4-2048x1536.jpeg 2048w\" sizes=\"auto, (max-width: 1024px) 100vw, 1024px\" \/><\/figure>\n\n\n\n<figure class=\"wp-block-image size-large\"><img loading=\"lazy\" decoding=\"async\" width=\"750\" height=\"1000\" data-id=\"7030\" src=\"https:\/\/takpraha.cz\/wp-content\/uploads\/2025\/03\/2025-_-zahajeni-HORO_image2-2.jpeg\" alt=\"\" class=\"wp-image-7030\" srcset=\"https:\/\/takpraha.cz\/wp-content\/uploads\/2025\/03\/2025-_-zahajeni-HORO_image2-2.jpeg 750w, https:\/\/takpraha.cz\/wp-content\/uploads\/2025\/03\/2025-_-zahajeni-HORO_image2-2-225x300.jpeg 225w\" sizes=\"auto, (max-width: 750px) 100vw, 750px\" \/><\/figure>\n\n\n\n<figure class=\"wp-block-image size-large\"><img loading=\"lazy\" decoding=\"async\" width=\"1000\" height=\"750\" data-id=\"7031\" src=\"https:\/\/takpraha.cz\/wp-content\/uploads\/2025\/03\/2025-_-zahajeni-HORO_image1-2.jpeg\" alt=\"\" class=\"wp-image-7031\" srcset=\"https:\/\/takpraha.cz\/wp-content\/uploads\/2025\/03\/2025-_-zahajeni-HORO_image1-2.jpeg 1000w, https:\/\/takpraha.cz\/wp-content\/uploads\/2025\/03\/2025-_-zahajeni-HORO_image1-2-300x225.jpeg 300w, https:\/\/takpraha.cz\/wp-content\/uploads\/2025\/03\/2025-_-zahajeni-HORO_image1-2-768x576.jpeg 768w\" sizes=\"auto, (max-width: 1000px) 100vw, 1000px\" \/><\/figure>\n<\/figure>\n","protected":false},"excerpt":{"rendered":"<p>KDY: v ned\u011bli 23.3.2025 Tradi\u010dn\u00ed zah\u00e1jen\u00ed horolezeck\u00e9 sez\u00f3ny v \u010cernolic\u00edch po\u0159\u00e1dal Horo odd\u00edl. Dle p\u0159\u00edm\u00e9ho zdroje se z\u00fa\u010dastnilo cca 10<\/p>\n","protected":false},"author":7,"featured_media":7033,"comment_status":"closed","ping_status":"open","sticky":false,"template":"","format":"standard","meta":{"colormag_page_layout":"default_layout","inline_featured_image":false,"ngg_post_thumbnail":0,"footnotes":""},"categories":[69,8,96,174],"tags":[155,45,75,101],"class_list":["post-6729","post","type-post","status-publish","format-standard","has-post-thumbnail","hentry","category-akce","category-fotogalerie","category-stalo_se","category-stalo-se-2025","tag-155","tag-fotogalerie","tag-horo","tag-stalo-se"],"_links":{"self":[{"href":"https:\/\/takpraha.cz\/index.php\/wp-json\/wp\/v2\/posts\/6729","targetHints":{"allow":["GET"]}}],"collection":[{"href":"https:\/\/takpraha.cz\/index.php\/wp-json\/wp\/v2\/posts"}],"about":[{"href":"https:\/\/takpraha.cz\/index.php\/wp-json\/wp\/v2\/types\/post"}],"author":[{"embeddable":true,"href":"https:\/\/takpraha.cz\/index.php\/wp-json\/wp\/v2\/users\/7"}],"replies":[{"embeddable":true,"href":"https:\/\/takpraha.cz\/index.php\/wp-json\/wp\/v2\/comments?post=6729"}],"version-history":[{"count":4,"href":"https:\/\/takpraha.cz\/index.php\/wp-json\/wp\/v2\/posts\/6729\/revisions"}],"predecessor-version":[{"id":7034,"href":"https:\/\/takpraha.cz\/index.php\/wp-json\/wp\/v2\/posts\/6729\/revisions\/7034"}],"wp:featuredmedia":[{"embeddable":true,"href":"https:\/\/takpraha.cz\/index.php\/wp-json\/wp\/v2\/media\/7033"}],"wp:attachment":[{"href":"https:\/\/takpraha.cz\/index.php\/wp-json\/wp\/v2\/media?parent=6729"}],"wp:term":[{"taxonomy":"category","embeddable":true,"href":"https:\/\/takpraha.cz\/index.php\/wp-json\/wp\/v2\/categories?post=6729"},{"taxonomy":"post_tag","embeddable":true,"href":"https:\/\/takpraha.cz\/index.php\/wp-json\/wp\/v2\/tags?post=6729"}],"curies":[{"name":"wp","href":"https:\/\/api.w.org\/{rel}","templated":true}]}}