{"id":6846,"date":"2025-02-02T06:30:03","date_gmt":"2025-02-02T05:30:03","guid":{"rendered":"https:\/\/takpraha.cz\/?p=6846"},"modified":"2025-03-01T07:06:13","modified_gmt":"2025-03-01T06:06:13","slug":"reportaz-ze-spanile-jizdy-2025-houfce-d","status":"publish","type":"post","link":"https:\/\/takpraha.cz\/index.php\/2025\/02\/02\/reportaz-ze-spanile-jizdy-2025-houfce-d\/","title":{"rendered":"Report\u00e1\u017e ze Spanil\u00e9 j\u00edzdy 2025 houfce \u201eD\u201c"},"content":{"rendered":"\n<p><br>Leto\u0161n\u00ed Spanilka se po v\u0161ech st\u00e1nk\u00e1ch a s&nbsp;novou hejtmankou Kv\u011btou Kub\u00edkovou zda\u0159ila.<br><\/p>\n\n\n\n<p>Ale popo\u0159ad\u011b. Oblast Spanilky byla dop\u0159edu zn\u00e1m\u00e1 a tak se v\u00a0pr\u016fzkumu mo\u017enost\u00ed ubytov\u00e1n\u00ed anga\u017eovala na\u0161e \u201ev\u00fdchodo\u010de\u0161ka\u201c Kv\u011bta, kter\u00e1 m\u00e1 ty \u201eOrli\u010dky\u201c v\u00a0mal\u00edku. Nejd\u0159\u00edve p\u0159edb\u011b\u017en\u011b domluvila noclehy ide\u00e1ln\u011b um\u00edst\u011bn\u00e9 (n\u00e1sledn\u011b i s\u00a0hejtmanem \u201eC\u201c), vzhledem k\u00a0poloze hlavn\u00edho h\u0159ebene, a tedy i ust\u0159ed\u011bn\u00ed, potom je musela i potvrdit, organizovat platby, navrhnout a organizovat dopravu a nakonec i up\u0159esnit jednotliv\u00e9 trasy. A u\u017e j\u00ed to z\u016fstalo, a tak se stala na\u0161\u00ed hejtmankou s\u00a0naprosto p\u0159irozenou autoritou a d\u016fv\u011brou cel\u00e9ho houfce. A i kdy\u017e si zprvu myslela, \u017ee to bude jen pro tuto, Spanilku, asi j\u00ed to nadlouho z\u016fstane.<\/p>\n\n\n\n<p><br>Vlastn\u00ed Spanilka za\u010d\u00ednala uplakan\u011b a spole\u010dn\u011b s&nbsp;houfcem \u201eB\u201c jsme opustili autobus v&nbsp;Ole\u0161nici v&nbsp;Orlick\u00fdch hor\u00e1ch za nep\u0159\u00edjemn\u00e9ho mrholen\u00ed. Na\u0161t\u011bst\u00ed mrholen\u00ed brzo ustalo, dokonce vykouklo i slunce, ale cesta do hor st\u00e1le nebyla se sn\u011bhem a ani minim\u00e1ln\u00ed stopou, aby se dalo jet na ly\u017e\u00edch. A\u017e n\u011bkdy od cca, 900 m.n.m jsme narazili na stopu, ale s&nbsp;p\u0159ihl\u00e9dnut\u00edm k&nbsp;\u010dasu, se v\u011bt\u0161ina vydala na \u0160erlich, aby se potom dostala busem do De\u0161t\u00e9ho. Ti, co se vydali po pl\u00e1novan\u00e9 cest\u011b se chv\u00edlemi ledem, chv\u00edlemi i sn\u011bhem, pozd\u011bji jehli\u010d\u00edm, ale nakonec po asfaltu dostali t\u00e9\u017e do De\u0161tn\u00e9ho. Tam na n\u00e1s \u010dekalo bezvadn\u00e9 ubytov\u00e1n\u00ed s&nbsp;p\u0159\u00edjemn\u00fdch \u0161\u00e9fem, ale i s&nbsp;baz\u00e9nem a mnoz\u00ed toho vyu\u017eili. Ve\u010dern\u00ed posezen\u00ed bylo i se zp\u00edv\u00e1n\u00edm a tancov\u00e1n\u00edm. Na kytaru hr\u00e1la Marcela Gregorov\u00e1 a na housle Julek a chvilkov\u011b i Pavel.<br><\/p>\n\n\n\n<p>Druh\u00fd den s&nbsp;ide\u00e1ln\u00edm \u201espanilkov\u00fdm\u201c po\u010das\u00edm jsme op\u011bt busem (organiz\u00e1tor\u016f Orlick\u00e9ho maratonu-zdarma) vyjeli a\u017e na \u0160erlich, kde jsme nastartovali do stopy a vydali sm\u011brem k&nbsp;pl\u00e1novan\u00e9mu ust\u0159ed\u011bn\u00ed. P\u016fvodn\u011b jsme p\u0159edpokl\u00e1dali, \u017ee ust\u0159ed\u011bn\u00ed prob\u011bhne pouze bez \u00fa\u010dasti houfce \u201eC\u201c, kter\u00e9mu d\u00edl\u010d\u00ed vzd\u00e1lenosti od ubytov\u00e1n\u00ed<br>k&nbsp;ust\u0159ed\u011bn\u00ed moc nevyhovovaly. \u017divot je ale zm\u011bna. Son\u011b Va\u0161icov\u00e9 (A) Pavel Stul\u00edk zavolal, \u017ee se D\u00e9\u010dko potkalo s&nbsp;C\u00e9\u010dkem u kiosku pod Velkou De\u0161tnou a budou se \u00fast\u0159edit spolu, jeliko\u017e jsou na sebe zvykl\u00ed. Trochu jsme si vyslechli v\u00fd\u010ditky houfc\u016f \u201eA\u201c a \u201eB\u201c, \u017ee jsme nedodr\u017eeli dohodu, ale setk\u00e1n\u00ed s \u201eC\u201c bylo spont\u00e1nn\u00ed a hezk\u00e9. Pak u\u017e jen po n\u00e1dhern\u00e9 h\u0159ebenovce, kter\u00e1 byla v&nbsp;t\u00e9 chv\u00edli dokonale upravena pro Orlick\u00fd maraton, v\u011bt\u0161ina dos\u00e1hla \u201eP\u011bticest\u00ed\u201c a potom u\u017e jen sjezd na \u201epolskou\u201c stranu do ubytov\u00e1n\u00ed do Orlick\u00e9ho Z\u00e1ho\u0159\u00ed. Sj\u00ed\u017ed\u011bli jsme po ledov\u00e9 cest\u011b lesem. Samoz\u0159ejm\u011b spodn\u00ed \u010d\u00e1st cesty byla op\u011bt s&nbsp;ly\u017eemi v&nbsp;ruce.<br><\/p>\n\n\n\n<p>T\u0159et\u00ed den nastalo dilema. Stoupat ledovou cestou op\u011bt na P\u011bticest\u00ed, nebo naj\u00edt jinou ide\u00e1ln\u00ed cestu, za p\u0159edpokladu, \u017ee se posuneme n\u011bkolik kilometr\u016f po silnici (na\u0161t\u011bst\u00ed autobusem). Zv\u00edt\u011bzila alternativn\u00ed cesta p\u0159es Mezivr\u0161i, cesta lesem byla velmi dobr\u00e1 a pak po h\u0159ebeni kolem pevnosti Hani\u010dka do Rokytnice v&nbsp;Orlick\u00fdch hor\u00e1ch. Tam jsme se op\u011bt potkali s&nbsp;houfcem \u201eB\u201c a spole\u010dn\u011b autobusem a vlakem dokon\u010dili dal\u0161\u00ed \u00fasp\u011b\u0161nou Spanilou j\u00edzdu (a hlavn\u011b na ly\u017e\u00edch)!<\/p>\n\n\n\n<p>Rekapitulace:<br>Noclehy: De\u0161tn\u00e9 v&nbsp;Orlick\u00fdch hor\u00e1ch, Pension K\u00f6hler<br>Orlick\u00e9 Z\u00e1ho\u0159\u00ed, Horsk\u00e1 chata Z\u00e1ho\u0159\u00ed<br>Po\u010det \u00fa\u010dastn\u00edk\u016f houfce \u201eD\u201c &#8211; 31<\/p>\n\n\n\n<p>Za hejtmanstvo houfce \u201eD\u201c sepsal,<br>Tom\u00e1\u0161 Kub\u00e1t s&nbsp;p\u0159isp\u011bn\u00edm PaSe a Kv\u011bty Kub\u00edkov\u00e9<\/p>\n\n\n\n<p><a href=\"https:\/\/www.rajce.idnes.cz\/pastulik2\/album\/250201-spanilka-orlicky-houfec-d\">Cel\u00e1 FOTOGALERIE od Pavla Stul\u00edka<\/a><\/p>\n\n\n\n<figure class=\"wp-block-gallery has-nested-images columns-default is-cropped wp-block-gallery-2 is-layout-flex wp-block-gallery-is-layout-flex\">\n<figure class=\"wp-block-image size-large\"><img loading=\"lazy\" decoding=\"async\" width=\"1024\" height=\"768\" data-id=\"6852\" src=\"https:\/\/takpraha.cz\/wp-content\/uploads\/2025\/02\/2025-Spanilka-D-Orliky2014_DSCF1411-1024x768.jpg\" alt=\"\" class=\"wp-image-6852\" srcset=\"https:\/\/takpraha.cz\/wp-content\/uploads\/2025\/02\/2025-Spanilka-D-Orliky2014_DSCF1411-1024x768.jpg 1024w, https:\/\/takpraha.cz\/wp-content\/uploads\/2025\/02\/2025-Spanilka-D-Orliky2014_DSCF1411-300x225.jpg 300w, https:\/\/takpraha.cz\/wp-content\/uploads\/2025\/02\/2025-Spanilka-D-Orliky2014_DSCF1411-768x576.jpg 768w, https:\/\/takpraha.cz\/wp-content\/uploads\/2025\/02\/2025-Spanilka-D-Orliky2014_DSCF1411-1536x1152.jpg 1536w, https:\/\/takpraha.cz\/wp-content\/uploads\/2025\/02\/2025-Spanilka-D-Orliky2014_DSCF1411.jpg 2000w\" sizes=\"auto, (max-width: 1024px) 100vw, 1024px\" \/><\/figure>\n\n\n\n<figure class=\"wp-block-image size-large\"><img loading=\"lazy\" decoding=\"async\" width=\"1024\" height=\"768\" data-id=\"6851\" src=\"https:\/\/takpraha.cz\/wp-content\/uploads\/2025\/02\/2025-Spanilka-D-Olenice20250131_110352-1024x768.jpg\" alt=\"\" class=\"wp-image-6851\" srcset=\"https:\/\/takpraha.cz\/wp-content\/uploads\/2025\/02\/2025-Spanilka-D-Olenice20250131_110352-1024x768.jpg 1024w, https:\/\/takpraha.cz\/wp-content\/uploads\/2025\/02\/2025-Spanilka-D-Olenice20250131_110352-300x225.jpg 300w, https:\/\/takpraha.cz\/wp-content\/uploads\/2025\/02\/2025-Spanilka-D-Olenice20250131_110352-768x576.jpg 768w, https:\/\/takpraha.cz\/wp-content\/uploads\/2025\/02\/2025-Spanilka-D-Olenice20250131_110352-1536x1152.jpg 1536w, https:\/\/takpraha.cz\/wp-content\/uploads\/2025\/02\/2025-Spanilka-D-Olenice20250131_110352.jpg 2000w\" sizes=\"auto, (max-width: 1024px) 100vw, 1024px\" \/><\/figure>\n\n\n\n<figure class=\"wp-block-image size-large\"><img loading=\"lazy\" decoding=\"async\" width=\"1024\" height=\"607\" data-id=\"6850\" src=\"https:\/\/takpraha.cz\/wp-content\/uploads\/2025\/02\/2025-Spanilka-D-cestouzOlenice-1024x607.jpg\" alt=\"\" class=\"wp-image-6850\" srcset=\"https:\/\/takpraha.cz\/wp-content\/uploads\/2025\/02\/2025-Spanilka-D-cestouzOlenice-1024x607.jpg 1024w, https:\/\/takpraha.cz\/wp-content\/uploads\/2025\/02\/2025-Spanilka-D-cestouzOlenice-300x178.jpg 300w, https:\/\/takpraha.cz\/wp-content\/uploads\/2025\/02\/2025-Spanilka-D-cestouzOlenice-768x456.jpg 768w, https:\/\/takpraha.cz\/wp-content\/uploads\/2025\/02\/2025-Spanilka-D-cestouzOlenice-1536x911.jpg 1536w, https:\/\/takpraha.cz\/wp-content\/uploads\/2025\/02\/2025-Spanilka-D-cestouzOlenice.jpg 1674w\" sizes=\"auto, (max-width: 1024px) 100vw, 1024px\" \/><\/figure>\n\n\n\n<figure class=\"wp-block-image size-large\"><img loading=\"lazy\" decoding=\"async\" width=\"1024\" height=\"542\" data-id=\"6849\" src=\"https:\/\/takpraha.cz\/wp-content\/uploads\/2025\/02\/2025-Spanilka-D-BusDetnMasarykovachata-1024x542.jpg\" alt=\"\" class=\"wp-image-6849\" srcset=\"https:\/\/takpraha.cz\/wp-content\/uploads\/2025\/02\/2025-Spanilka-D-BusDetnMasarykovachata-1024x542.jpg 1024w, https:\/\/takpraha.cz\/wp-content\/uploads\/2025\/02\/2025-Spanilka-D-BusDetnMasarykovachata-300x159.jpg 300w, https:\/\/takpraha.cz\/wp-content\/uploads\/2025\/02\/2025-Spanilka-D-BusDetnMasarykovachata-768x407.jpg 768w, https:\/\/takpraha.cz\/wp-content\/uploads\/2025\/02\/2025-Spanilka-D-BusDetnMasarykovachata-1536x813.jpg 1536w, https:\/\/takpraha.cz\/wp-content\/uploads\/2025\/02\/2025-Spanilka-D-BusDetnMasarykovachata-390x205.jpg 390w, https:\/\/takpraha.cz\/wp-content\/uploads\/2025\/02\/2025-Spanilka-D-BusDetnMasarykovachata.jpg 1628w\" sizes=\"auto, (max-width: 1024px) 100vw, 1024px\" \/><\/figure>\n\n\n\n<figure class=\"wp-block-image size-large\"><img loading=\"lazy\" decoding=\"async\" width=\"1024\" height=\"697\" data-id=\"6848\" src=\"https:\/\/takpraha.cz\/wp-content\/uploads\/2025\/02\/2025-Spanilka-D-Startmaratonu-1024x697.jpg\" alt=\"\" class=\"wp-image-6848\" srcset=\"https:\/\/takpraha.cz\/wp-content\/uploads\/2025\/02\/2025-Spanilka-D-Startmaratonu-1024x697.jpg 1024w, https:\/\/takpraha.cz\/wp-content\/uploads\/2025\/02\/2025-Spanilka-D-Startmaratonu-300x204.jpg 300w, https:\/\/takpraha.cz\/wp-content\/uploads\/2025\/02\/2025-Spanilka-D-Startmaratonu-768x523.jpg 768w, https:\/\/takpraha.cz\/wp-content\/uploads\/2025\/02\/2025-Spanilka-D-Startmaratonu-1536x1046.jpg 1536w, https:\/\/takpraha.cz\/wp-content\/uploads\/2025\/02\/2025-Spanilka-D-Startmaratonu.jpg 1713w\" sizes=\"auto, (max-width: 1024px) 100vw, 1024px\" \/><\/figure>\n\n\n\n<figure class=\"wp-block-image size-large\"><img loading=\"lazy\" decoding=\"async\" width=\"1024\" height=\"576\" data-id=\"6847\" src=\"https:\/\/takpraha.cz\/wp-content\/uploads\/2025\/02\/2025-Spanilka-D-20250201_111643-1024x576.jpg\" alt=\"\" class=\"wp-image-6847\" srcset=\"https:\/\/takpraha.cz\/wp-content\/uploads\/2025\/02\/2025-Spanilka-D-20250201_111643-1024x576.jpg 1024w, https:\/\/takpraha.cz\/wp-content\/uploads\/2025\/02\/2025-Spanilka-D-20250201_111643-300x169.jpg 300w, https:\/\/takpraha.cz\/wp-content\/uploads\/2025\/02\/2025-Spanilka-D-20250201_111643-768x432.jpg 768w, https:\/\/takpraha.cz\/wp-content\/uploads\/2025\/02\/2025-Spanilka-D-20250201_111643-1536x864.jpg 1536w, https:\/\/takpraha.cz\/wp-content\/uploads\/2025\/02\/2025-Spanilka-D-20250201_111643.jpg 2000w\" sizes=\"auto, (max-width: 1024px) 100vw, 1024px\" \/><\/figure>\n<\/figure>\n","protected":false},"excerpt":{"rendered":"<p>Leto\u0161n\u00ed Spanilka se po v\u0161ech st\u00e1nk\u00e1ch a s&nbsp;novou hejtmankou Kv\u011btou Kub\u00edkovou zda\u0159ila. Ale popo\u0159ad\u011b. Oblast Spanilky byla dop\u0159edu zn\u00e1m\u00e1 a<\/p>\n","protected":false},"author":7,"featured_media":6848,"comment_status":"closed","ping_status":"open","sticky":false,"template":"","format":"standard","meta":{"colormag_page_layout":"default_layout","inline_featured_image":false,"ngg_post_thumbnail":0,"footnotes":""},"categories":[69,99,8,174],"tags":[155,175,50,101],"class_list":["post-6846","post","type-post","status-publish","format-standard","has-post-thumbnail","hentry","category-akce","category-clanky-akce","category-fotogalerie","category-stalo-se-2025","tag-155","tag-lyze","tag-spanilka","tag-stalo-se"],"_links":{"self":[{"href":"https:\/\/takpraha.cz\/index.php\/wp-json\/wp\/v2\/posts\/6846","targetHints":{"allow":["GET"]}}],"collection":[{"href":"https:\/\/takpraha.cz\/index.php\/wp-json\/wp\/v2\/posts"}],"about":[{"href":"https:\/\/takpraha.cz\/index.php\/wp-json\/wp\/v2\/types\/post"}],"author":[{"embeddable":true,"href":"https:\/\/takpraha.cz\/index.php\/wp-json\/wp\/v2\/users\/7"}],"replies":[{"embeddable":true,"href":"https:\/\/takpraha.cz\/index.php\/wp-json\/wp\/v2\/comments?post=6846"}],"version-history":[{"count":5,"href":"https:\/\/takpraha.cz\/index.php\/wp-json\/wp\/v2\/posts\/6846\/revisions"}],"predecessor-version":[{"id":6916,"href":"https:\/\/takpraha.cz\/index.php\/wp-json\/wp\/v2\/posts\/6846\/revisions\/6916"}],"wp:featuredmedia":[{"embeddable":true,"href":"https:\/\/takpraha.cz\/index.php\/wp-json\/wp\/v2\/media\/6848"}],"wp:attachment":[{"href":"https:\/\/takpraha.cz\/index.php\/wp-json\/wp\/v2\/media?parent=6846"}],"wp:term":[{"taxonomy":"category","embeddable":true,"href":"https:\/\/takpraha.cz\/index.php\/wp-json\/wp\/v2\/categories?post=6846"},{"taxonomy":"post_tag","embeddable":true,"href":"https:\/\/takpraha.cz\/index.php\/wp-json\/wp\/v2\/tags?post=6846"}],"curies":[{"name":"wp","href":"https:\/\/api.w.org\/{rel}","templated":true}]}}