{"id":9298,"date":"2026-04-06T00:49:52","date_gmt":"2026-04-05T22:49:52","guid":{"rendered":"https:\/\/takpraha.cz\/?p=9298"},"modified":"2026-05-01T00:51:28","modified_gmt":"2026-04-30T22:51:28","slug":"velikonoce-20","status":"publish","type":"post","link":"https:\/\/takpraha.cz\/index.php\/2026\/04\/06\/velikonoce-20\/","title":{"rendered":"Velikonoce 20"},"content":{"rendered":"\n<p>D\u011bti rostou, akce se m\u011bn\u00ed. Jedna z tradi\u010dn\u00edch dvac\u00edtkov\u00fdch akc\u00ed byly v\u017edycky Velikonoce. P\u016fvodn\u011b jezd\u00edvala cel\u00e1 trasa, pak jsme se rozd\u011blili na v\u00edc skupin podle v\u011bku d\u011bt\u00ed a letos n\u00e1s zbyly chab\u00e9 3 rodinn\u00e9 jednotky. Ale co, v\u0161echno m\u00e1 n\u011bco do sebe a zm\u011bna je \u017eivot.<\/p>\n\n\n\n<p>Trochu last minute, ale sehnali jsme: chalupa v obci Fojtka, kter\u00e1 je sou\u010d\u00e1st\u00ed Mn\u00ed\u0161ku u Liberce. Po\u010das\u00ed bylo pestr\u00e9, ale nezalekli jsme se. Podh\u016f\u0159\u00ed Jizerek je krajina kr\u00e1sn\u00e1, m\u00edrn\u00e1 a zcela neopr\u00e1vn\u011bn\u011b opom\u00edjen\u00e1. Jedna odpoledn\u00ed vych\u00e1zka po de\u0161ti okoln\u00edmi osadami a jeden v\u00fdlet povod\u00edm \u010cern\u00e9 Nisy prosv\u011btlen\u00fdmi jarn\u00edmi bu\u010dinami na kouzelnou Martinskou vyhl\u00eddku na Je\u0161t\u011bd.<\/p>\n\n\n\n<p>D\u011bti u\u017e jsou tak velk\u00e9, \u017ee kdy\u017e se zasekneme u piva v p\u0159\u00edjemn\u00e9m ob\u010derstven\u00ed u p\u0159ehrady, tak p\u0159ijdeme na chalupu a je nachystan\u00e1 ve\u010de\u0159e. Leccos se od nich dozv\u00edme a na v\u00fdletech u\u017e jsme brzdy sp\u00ed\u0161 my. Daj\u00ed si s n\u00e1mi ve\u010d\u00edrek, a z\u00e1rove\u0148 funguj\u00ed zcela samostatn\u011b. R\u00e1dy s n\u00e1mi je\u0161t\u011b jedou a prost\u011b tam jen tak spolu jsme. Je to nov\u00e9 a je to moc fajn.\u00a0<br><br>K\u00e1\u010da Re\u017en\u00e1 T20<\/p>\n","protected":false},"excerpt":{"rendered":"<p>D\u011bti rostou, akce se m\u011bn\u00ed. Jedna z tradi\u010dn\u00edch dvac\u00edtkov\u00fdch akc\u00ed byly v\u017edycky Velikonoce. P\u016fvodn\u011b jezd\u00edvala cel\u00e1 trasa, pak jsme se<\/p>\n","protected":false},"author":7,"featured_media":0,"comment_status":"closed","ping_status":"open","sticky":false,"template":"","format":"standard","meta":{"colormag_page_layout":"default_layout","inline_featured_image":false,"ngg_post_thumbnail":0,"footnotes":""},"categories":[69,99,96,190],"tags":[176,163,101,179],"class_list":["post-9298","post","type-post","status-publish","format-standard","hentry","category-akce","category-clanky-akce","category-stalo_se","category-stalo-se-2026","tag-176","tag-dvacitka","tag-stalo-se","tag-velikonoce"],"_links":{"self":[{"href":"https:\/\/takpraha.cz\/index.php\/wp-json\/wp\/v2\/posts\/9298","targetHints":{"allow":["GET"]}}],"collection":[{"href":"https:\/\/takpraha.cz\/index.php\/wp-json\/wp\/v2\/posts"}],"about":[{"href":"https:\/\/takpraha.cz\/index.php\/wp-json\/wp\/v2\/types\/post"}],"author":[{"embeddable":true,"href":"https:\/\/takpraha.cz\/index.php\/wp-json\/wp\/v2\/users\/7"}],"replies":[{"embeddable":true,"href":"https:\/\/takpraha.cz\/index.php\/wp-json\/wp\/v2\/comments?post=9298"}],"version-history":[{"count":1,"href":"https:\/\/takpraha.cz\/index.php\/wp-json\/wp\/v2\/posts\/9298\/revisions"}],"predecessor-version":[{"id":9299,"href":"https:\/\/takpraha.cz\/index.php\/wp-json\/wp\/v2\/posts\/9298\/revisions\/9299"}],"wp:attachment":[{"href":"https:\/\/takpraha.cz\/index.php\/wp-json\/wp\/v2\/media?parent=9298"}],"wp:term":[{"taxonomy":"category","embeddable":true,"href":"https:\/\/takpraha.cz\/index.php\/wp-json\/wp\/v2\/categories?post=9298"},{"taxonomy":"post_tag","embeddable":true,"href":"https:\/\/takpraha.cz\/index.php\/wp-json\/wp\/v2\/tags?post=9298"}],"curies":[{"name":"wp","href":"https:\/\/api.w.org\/{rel}","templated":true}]}}