{"id":9853,"date":"2026-08-02T09:54:00","date_gmt":"2026-08-02T07:54:00","guid":{"rendered":"https:\/\/takpraha.cz\/?p=9853"},"modified":"2026-09-04T12:22:12","modified_gmt":"2026-09-04T10:22:12","slug":"2026-peruc","status":"publish","type":"post","link":"https:\/\/takpraha.cz\/index.php\/2026\/08\/02\/2026-peruc\/","title":{"rendered":"Peruc &#8211; mal\u00ed n\u00e1mo\u0159n\u00edci op\u011bt objevovali ostrovy"},"content":{"rendered":"\nngg_shortcode_0_placeholder\n\n\n\n<p class=\"wp-block-paragraph\">V posledn\u00edm \u010dervencov\u00e9m t\u00fddnu op\u011bt obsadili mal\u00ed n\u00e1mo\u0159nici se sv\u00fdmi rodi\u010di a prarodi\u010di t\u00e1bor v Peruci, aby za\u017eili v\u0161echna dobrodru\u017estv\u00ed, ketr\u00e1 si lze na mo\u0159i fantazie vymyslet.<\/p>\n\n\n\n<p class=\"wp-block-paragraph\">Hned po p\u0159\u00edjezdu jsme za\u017eili dva mal\u00e9 \u0161oky. Ten hor\u0161\u00ed byl vypu\u0161t\u011bn\u00fd baz\u00e9n. Na\u0161t\u011bst\u00ed se ale uk\u00e1zalo, \u017ee ho jen \u010distili a u\u017e se napou\u0161t\u00ed. Ryze pozitivn\u00ed leknut\u00ed n\u00e1m p\u0159inesly kompletn\u011b p\u0159estav\u011bn\u00e9 soci\u00e1lky a dal\u0161\u00ed v\u011bt\u0161\u00ed \u010di men\u0161\u00ed vylep\u0161en\u00ed cel\u00e9ho kempu. Po p\u0159iv\u00edt\u00e1n\u00ed s kamar\u00e1dy a prozkoum\u00e1n\u00ed novot (\u201eU\u017e jsi byl na z\u00e1chod\u011b? Ne? To mus\u00ed\u0161!\u201c) d\u011bti do t\u00e1bora a n\u00e1mo\u0159nick\u00e9ho cechu p\u0159iv\u00edtal i Posiedon a t\u00e1bor mohl za\u010d\u00edt.<\/p>\n\n\n\n<p class=\"wp-block-paragraph\">Letos to nebylo hladk\u00e9, hlavn\u011b z m\u00e9 strany, ale na\u0161t\u011bst\u00ed jsem obklopena skv\u011bl\u00fdmi lidmi, kte\u0159\u00ed m\u011b nenechaj\u00ed ve \u0161tychu. Tak\u017ee zapomenutou vlajku se nejen poda\u0159ilo dov\u00e9zt, ale dokonce v\u011bt\u0161inu d\u011bt\u00ed p\u0159esv\u011bd\u010dit, \u017ee to cel\u00e9 bylo schv\u00e1ln\u011b. D\u00edky, Lucinko a \u0160\u00e1rko, byla bych bez v\u00e1s v loji. I chyb\u011bj\u00edc\u00ed den\u00ed\u010dky pro n\u00e1mo\u0159n\u00edky jsme jsme s Lucinkou zvl\u00e1dly vyrobit, aby si je d\u011bti mohly ozdobit a dokonce na t\u011bch provizorn\u00edch naj\u00edt pozitiva, pro\u010d je pot\u0159eba si je vybrat.<\/p>\n\n\n\n<p class=\"wp-block-paragraph\">Dal\u0161\u00ed v\u011bt\u0161\u00ed z\u00e1drhely a klop\u00fdtnut\u00ed se n\u00e1m u\u017e na\u0161t\u011bst\u00ed vyh\u00fdbali a n\u00e1mo\u0159n\u00edci tak mohli objevovat \u0161achov\u00fd, lesn\u00ed a dinosau\u0159\u00ed ostrov, na v\u00fdlet\u011b pomoci zachr\u00e1nit \u0161moul\u00ed poklad, p\u0159ipravit se na cestu do vesm\u00edru a nau\u010dit se \u010darovat na ostrov\u011b \u010darod\u011bj\u016f. Odpoledne jsme tr\u00e1vili nejen na koupali\u0161ti, ale tak\u00e9 v\u00fdrobou tri\u010dek nebo op\u00e9k\u00e1n\u00edm bu\u0159t\u016f, do\u0161lo i na zp\u00edv\u00e1n\u00ed a ve\u010dern\u00ed hru se sv\u011bt\u00fdlky v lese.<\/p>\n\n\n\n<p class=\"wp-block-paragraph\">T\u00fdden na mo\u0159i v Peruci jsme si zase velmi u\u017eili a u\u017e te\u010f se t\u011b\u0161\u00edme na dal\u0161\u00ed rok.<\/p>\n\n\n\n<p class=\"wp-block-paragraph\">Fotky zde:&nbsp;&lt;<a href=\"https:\/\/photos.app.goo.gl\/1cy95PpqxWfr1ZhV9\" target=\"_blank\" rel=\"noopener\">https:\/\/photos.app.goo.<wbr>gl\/1cy95PpqxWfr1ZhV9<\/a>&gt;<\/p>\n\n\n\n<p class=\"wp-block-paragraph\"><\/p>\n","protected":false},"excerpt":{"rendered":"<p>V posledn\u00edm \u010dervencov\u00e9m t\u00fddnu op\u011bt obsadili mal\u00ed n\u00e1mo\u0159nici se sv\u00fdmi rodi\u010di a prarodi\u010di t\u00e1bor v Peruci, aby za\u017eili v\u0161echna dobrodru\u017estv\u00ed,<\/p>\n","protected":false},"author":7,"featured_media":9890,"comment_status":"closed","ping_status":"open","sticky":false,"template":"","format":"standard","meta":{"colormag_page_container_layout":"default_layout","colormag_page_sidebar_layout":"default_layout","inline_featured_image":false,"ngg_post_thumbnail":0,"footnotes":""},"categories":[69,29,99,102,8,96,190],"tags":[176,45,119,101],"class_list":["post-9853","post","type-post","status-publish","format-standard","has-post-thumbnail","hentry","category-akce","category-clanky","category-clanky-akce","category-clanky-tabory","category-fotogalerie","category-stalo_se","category-stalo-se-2026","tag-176","tag-fotogalerie","tag-peruc","tag-stalo-se"],"_links":{"self":[{"href":"https:\/\/takpraha.cz\/index.php\/wp-json\/wp\/v2\/posts\/9853","targetHints":{"allow":["GET"]}}],"collection":[{"href":"https:\/\/takpraha.cz\/index.php\/wp-json\/wp\/v2\/posts"}],"about":[{"href":"https:\/\/takpraha.cz\/index.php\/wp-json\/wp\/v2\/types\/post"}],"author":[{"embeddable":true,"href":"https:\/\/takpraha.cz\/index.php\/wp-json\/wp\/v2\/users\/7"}],"replies":[{"embeddable":true,"href":"https:\/\/takpraha.cz\/index.php\/wp-json\/wp\/v2\/comments?post=9853"}],"version-history":[{"count":3,"href":"https:\/\/takpraha.cz\/index.php\/wp-json\/wp\/v2\/posts\/9853\/revisions"}],"predecessor-version":[{"id":10020,"href":"https:\/\/takpraha.cz\/index.php\/wp-json\/wp\/v2\/posts\/9853\/revisions\/10020"}],"wp:featuredmedia":[{"embeddable":true,"href":"https:\/\/takpraha.cz\/index.php\/wp-json\/wp\/v2\/media\/9890"}],"wp:attachment":[{"href":"https:\/\/takpraha.cz\/index.php\/wp-json\/wp\/v2\/media?parent=9853"}],"wp:term":[{"taxonomy":"category","embeddable":true,"href":"https:\/\/takpraha.cz\/index.php\/wp-json\/wp\/v2\/categories?post=9853"},{"taxonomy":"post_tag","embeddable":true,"href":"https:\/\/takpraha.cz\/index.php\/wp-json\/wp\/v2\/tags?post=9853"}],"curies":[{"name":"wp","href":"https:\/\/api.w.org\/{rel}","templated":true}]}}