{"id":9898,"date":"2026-08-07T10:29:00","date_gmt":"2026-08-07T08:29:00","guid":{"rendered":"https:\/\/takpraha.cz\/?p=9898"},"modified":"2026-09-04T10:31:46","modified_gmt":"2026-09-04T08:31:46","slug":"pachatele-se-vraci-na-misto-cinu","status":"publish","type":"post","link":"https:\/\/takpraha.cz\/index.php\/2026\/08\/07\/pachatele-se-vraci-na-misto-cinu\/","title":{"rendered":"Pachatel\u00e9 se vrac\u00ed na m\u00edsto \u010dinu"},"content":{"rendered":"\nngg_shortcode_0_placeholder\n\n\n\n<p class=\"wp-block-paragraph\">Moje \u017eivotn\u00ed zku\u0161enost je, \u017ee dobr\u00e9 skutky se vypl\u00e1c\u00ed. Potvrdilo se to i tentokr\u00e1t, kdy\u017e patn\u00e1ct\u00e1 trasa p\u0159isp\u011bla (vedle soukrom\u00fdch dar\u016f jednotlivc\u016f) na obnovu Jind\u0159ichohradeck\u00e9 \u00fazkokolejky. Za odm\u011bnu jsme dostali jednodenn\u00ed pobyt na n\u00e1dra\u017e\u00ed v&nbsp;H\u016frk\u00e1ch.<br><\/p>\n\n\n\n<p class=\"wp-block-paragraph\">Provozovatel\u00e9 \u00fazkokolejky si jist\u011b nepamatuj\u00ed, \u017ee jsme zde v&nbsp;roce 2000 po\u0159\u00e1dali zakon\u010den\u00ed 42. Stezky \u010ceskou Kanadou a \u017ee n\u00e1s odtud vezli osobn\u00edmi i n\u00e1kladn\u00edmi vagony do Jind\u0159ichova Hradce&nbsp; (2x cca 400 lid\u00ed). My ale ano, tak\u017ee v\u00fdlet do &nbsp;H\u016frek byl pro n\u00e1s kr\u00e1sn\u00e9 D\u00e9j\u00e0&nbsp;vu.<br><\/p>\n\n\n\n<p class=\"wp-block-paragraph\">Vybrali jsme si term\u00edn 6.-7. srpna&nbsp; plus weekend v&nbsp;Kempu Mal\u00fd Ratm\u00edrov a zvolili jsme dob\u0159e, proto\u017ee to bylo t\u011bch p\u00e1r dn\u016f, kdy vedra trochu povolila a bylo pod 30 stupni. N\u00e1dra\u017e\u00ed H\u016frky je asi 2 km od vesnice, posledn\u00ed vlak projede kolem osm\u00e9 ve\u010der a pak je to romantika jak prase. Rybn\u00edk, lesy, z b\u00fdval\u00e9ho n\u00e1dra\u017en\u00edho skladi\u0161t\u011b se tlumen\u011b oz\u00fdv\u00e1 d\u00fdch\u00e1nek s&nbsp;kytarou, jinak ticho a my proch\u00e1z\u00edme m\u00edsta kde se konalo zakon\u010den\u00ed.&nbsp;<\/p>\n\n\n\n<p class=\"wp-block-paragraph\">Skoro nic se nezm\u011bnilo. Tady se raz\u00edtkovaly d\u00e1msk\u00e9 zadky podle Ost\u0159e sledovan\u00fdch vlak\u016f, tady se po\u0159\u00e1dala sout\u011b\u017e Kdo p\u0159e\u010d\u016fr\u00e1 p\u0159\u00edkop, tady jsme zp\u00edvali P\u0159ednosta stanice podle Vlasty Buriana atd. (viz fota). \u0160koda, \u017ee s&nbsp;n\u00e1mi nen\u00ed Bed\u0159i\u0161ka U.,&nbsp; jedna z&nbsp;hlavn\u00edch organiz\u00e1torek a autorka legend\u00e1rn\u00edch tri\u010dek s&nbsp;ma\u0161inkou, kter\u00e1 se na m\u00edst\u011b vyprodala.<\/p>\n\n\n\n<p class=\"wp-block-paragraph\">L\u00e1\u010fa Hl. text&nbsp; a Ivan F. fota, 15<\/p>\n","protected":false},"excerpt":{"rendered":"<p>Moje \u017eivotn\u00ed zku\u0161enost je, \u017ee dobr\u00e9 skutky se vypl\u00e1c\u00ed. Potvrdilo se to i tentokr\u00e1t, kdy\u017e patn\u00e1ct\u00e1 trasa p\u0159isp\u011bla (vedle soukrom\u00fdch<\/p>\n","protected":false},"author":7,"featured_media":9920,"comment_status":"closed","ping_status":"open","sticky":false,"template":"","format":"standard","meta":{"colormag_page_container_layout":"default_layout","colormag_page_sidebar_layout":"default_layout","inline_featured_image":false,"ngg_post_thumbnail":0,"footnotes":""},"categories":[69,29,99,8,96,190],"tags":[176,53,77,101],"class_list":["post-9898","post","type-post","status-publish","format-standard","has-post-thumbnail","hentry","category-akce","category-clanky","category-clanky-akce","category-fotogalerie","category-stalo_se","category-stalo-se-2026","tag-176","tag-akce","tag-patnacka","tag-stalo-se"],"_links":{"self":[{"href":"https:\/\/takpraha.cz\/index.php\/wp-json\/wp\/v2\/posts\/9898","targetHints":{"allow":["GET"]}}],"collection":[{"href":"https:\/\/takpraha.cz\/index.php\/wp-json\/wp\/v2\/posts"}],"about":[{"href":"https:\/\/takpraha.cz\/index.php\/wp-json\/wp\/v2\/types\/post"}],"author":[{"embeddable":true,"href":"https:\/\/takpraha.cz\/index.php\/wp-json\/wp\/v2\/users\/7"}],"replies":[{"embeddable":true,"href":"https:\/\/takpraha.cz\/index.php\/wp-json\/wp\/v2\/comments?post=9898"}],"version-history":[{"count":1,"href":"https:\/\/takpraha.cz\/index.php\/wp-json\/wp\/v2\/posts\/9898\/revisions"}],"predecessor-version":[{"id":9919,"href":"https:\/\/takpraha.cz\/index.php\/wp-json\/wp\/v2\/posts\/9898\/revisions\/9919"}],"wp:featuredmedia":[{"embeddable":true,"href":"https:\/\/takpraha.cz\/index.php\/wp-json\/wp\/v2\/media\/9920"}],"wp:attachment":[{"href":"https:\/\/takpraha.cz\/index.php\/wp-json\/wp\/v2\/media?parent=9898"}],"wp:term":[{"taxonomy":"category","embeddable":true,"href":"https:\/\/takpraha.cz\/index.php\/wp-json\/wp\/v2\/categories?post=9898"},{"taxonomy":"post_tag","embeddable":true,"href":"https:\/\/takpraha.cz\/index.php\/wp-json\/wp\/v2\/tags?post=9898"}],"curies":[{"name":"wp","href":"https:\/\/api.w.org\/{rel}","templated":true}]}}