{"id":9939,"date":"2026-09-04T10:54:07","date_gmt":"2026-09-04T08:54:07","guid":{"rendered":"https:\/\/takpraha.cz\/?p=9939"},"modified":"2026-09-04T10:54:08","modified_gmt":"2026-09-04T08:54:08","slug":"dama-s-kosou-se-prohnala-desitkou","status":"publish","type":"post","link":"https:\/\/takpraha.cz\/index.php\/2026\/09\/04\/dama-s-kosou-se-prohnala-desitkou\/","title":{"rendered":"D\u00e1ma s kosou se prohnala Des\u00edtkou"},"content":{"rendered":"\nngg_shortcode_0_placeholder\n\n\n\n<p class=\"wp-block-paragraph\">Zpr\u00e1va od \u0161\u00e9fa Michala Borgese: V jeden den ode\u0161li dva na\u0161i kamar\u00e1di z trasy 10 a kr\u00e1tce na to dal\u0161\u00ed. <\/p>\n\n\n\n<p class=\"wp-block-paragraph\"><strong>Hanka Rackov\u00e1<\/strong>, velk\u00e1 sportovkyn\u011b s otev\u0159en\u00fdm srdcem pro ka\u017ed\u00e9ho, s n\u00e1mi posledn\u00ed roky, pot\u00e9 co ode\u0161el Milo\u0161, u\u017e nejezdila. <\/p>\n\n\n\n<p class=\"wp-block-paragraph\"><strong>Jen\u00edk Toufar<\/strong>, horolezec, v\u00e1\u0161niv\u00fd cyklista, hejtman Spanilky a hlavn\u011b \u00fa\u017easn\u00fd a skromn\u00fd chlap, kter\u00e9ho m\u011bl ka\u017ed\u00fd r\u00e1d. Rozlu\u010dka s n\u00edm prob\u011bhla 27.8. ve Vysok\u00e9 Peci. <\/p>\n\n\n\n<p class=\"wp-block-paragraph\">V srpnu ode\u0161la i <strong>Ivana Kon\u00fdvkov\u00e1<\/strong>. <\/p>\n\n\n\n<p class=\"wp-block-paragraph\">Up\u0159\u00edmnou soustrast cel\u00e9 trase a Horoodd\u00edlu.<\/p>\n","protected":false},"excerpt":{"rendered":"<p>Zpr\u00e1va od \u0161\u00e9fa Michala Borgese: V jeden den ode\u0161li dva na\u0161i kamar\u00e1di z trasy 10 a kr\u00e1tce na to dal\u0161\u00ed.<\/p>\n","protected":false},"author":7,"featured_media":0,"comment_status":"closed","ping_status":"open","sticky":false,"template":"","format":"standard","meta":{"colormag_page_container_layout":"default_layout","colormag_page_sidebar_layout":"default_layout","inline_featured_image":false,"ngg_post_thumbnail":0,"footnotes":""},"categories":[1],"tags":[],"class_list":["post-9939","post","type-post","status-publish","format-standard","hentry","category-nezarazene"],"_links":{"self":[{"href":"https:\/\/takpraha.cz\/index.php\/wp-json\/wp\/v2\/posts\/9939","targetHints":{"allow":["GET"]}}],"collection":[{"href":"https:\/\/takpraha.cz\/index.php\/wp-json\/wp\/v2\/posts"}],"about":[{"href":"https:\/\/takpraha.cz\/index.php\/wp-json\/wp\/v2\/types\/post"}],"author":[{"embeddable":true,"href":"https:\/\/takpraha.cz\/index.php\/wp-json\/wp\/v2\/users\/7"}],"replies":[{"embeddable":true,"href":"https:\/\/takpraha.cz\/index.php\/wp-json\/wp\/v2\/comments?post=9939"}],"version-history":[{"count":1,"href":"https:\/\/takpraha.cz\/index.php\/wp-json\/wp\/v2\/posts\/9939\/revisions"}],"predecessor-version":[{"id":9945,"href":"https:\/\/takpraha.cz\/index.php\/wp-json\/wp\/v2\/posts\/9939\/revisions\/9945"}],"wp:attachment":[{"href":"https:\/\/takpraha.cz\/index.php\/wp-json\/wp\/v2\/media?parent=9939"}],"wp:term":[{"taxonomy":"category","embeddable":true,"href":"https:\/\/takpraha.cz\/index.php\/wp-json\/wp\/v2\/categories?post=9939"},{"taxonomy":"post_tag","embeddable":true,"href":"https:\/\/takpraha.cz\/index.php\/wp-json\/wp\/v2\/tags?post=9939"}],"curies":[{"name":"wp","href":"https:\/\/api.w.org\/{rel}","templated":true}]}}