{"id":9948,"date":"2026-08-31T11:03:47","date_gmt":"2026-08-31T09:03:47","guid":{"rendered":"https:\/\/takpraha.cz\/?p=9948"},"modified":"2026-09-04T11:15:49","modified_gmt":"2026-09-04T09:15:49","slug":"taborova-louka-slavi-kulatiny","status":"publish","type":"post","link":"https:\/\/takpraha.cz\/index.php\/2026\/08\/31\/taborova-louka-slavi-kulatiny\/","title":{"rendered":"T\u00e1borov\u00e1 louka slav\u00ed kulatiny"},"content":{"rendered":"\n<p class=\"wp-block-paragraph\">Letos je to u\u017e neuv\u011b\u0159iteln\u00fdch 40 let, co jezd\u00edme na na\u0161i t\u00e1borovou louku. Kdy\u017e nad t\u00edm tak p\u0159em\u00fd\u0161l\u00edm, vyst\u0159\u00eddala se na n\u00ed za tu dobu u\u017e p\u011bkn\u00e1 \u0159\u00e1dka dosp\u011bl\u00e1k\u016f, ale hlavn\u011b d\u011bt\u00ed. Z t\u011bch mal\u00fdch t\u00e1born\u00edk\u016f jsou dneska d\u00e1vno dosp\u011bl\u00ed, a jestli dob\u0159e po\u010d\u00edt\u00e1m, jezd\u00ed n\u00e1m tam u\u017e alespo\u0148 3. generace.<\/p>\n\n\n\n<p class=\"wp-block-paragraph\">\u0158adu z n\u00e1s ta louka doslova vcucla natolik, \u017ee to bez n\u00ed prost\u011b nejde. I kdy\u017e se \u017eivot m\u011bn\u00ed, vrac\u00edme se sem s p\u0159est\u00e1vkami d\u00e1l \u2013 a\u0165 u\u017e se sv\u00fdmi odd\u00edly, nebo aspo\u0148 na srazy, v\u00edkendov\u00e9 akce a tradi\u010dn\u00ed zakon\u010den\u00ed t\u00e1bor\u016f. Zkr\u00e1tka v\u0161ichni v\u00edme, \u017ee tam je n\u00e1m v\u017edycky dob\u0159e. Za ty des\u00edtky let jsme tam p\u0159es hled\u00e1\u010dek fo\u0165\u00e1ku zachytili nespo\u010det \u00fa\u017easn\u00fdch moment\u016f. Sb\u00edr\u00e1m fotografie za v\u0161ech 40 let, pod\u011blte se, pros\u00edm, se mnou, a\u0165 m\u00e1me z ka\u017ed\u00e9ho roku alespo\u0148 jednu fotku. Fotky mi pos\u00edlejte mejlem na verberka@gmail.com a nezapome\u0148te p\u0159idat i rok.<\/p>\n\n\n\n<p class=\"wp-block-paragraph\">Zrovna bal\u00edm na sraz Old\u010e\u00e1bl\u00edk\u016f a u\u017e se tam hrozn\u011b moc t\u011b\u0161\u00edm!<\/p>\n\n\n\n<p class=\"wp-block-paragraph\">D\u00edky v\u00e1m v\u0161em, co to maj\u00ed podobn\u011b.<\/p>\n\n\n\n<p class=\"wp-block-paragraph\">Ver\u010da Jiravov\u00e1 T20 (Old\u010e\u00e1bl\u00edci, Robinsoni, Apa\u010di a nyn\u00ed F\u00e9nixov\u00e9)<\/p>\n\n\n\n<p class=\"wp-block-paragraph\"><\/p>\n","protected":false},"excerpt":{"rendered":"<p>Letos je to u\u017e neuv\u011b\u0159iteln\u00fdch 40 let, co jezd\u00edme na na\u0161i t\u00e1borovou louku. Kdy\u017e nad t\u00edm tak p\u0159em\u00fd\u0161l\u00edm, vyst\u0159\u00eddala se<\/p>\n","protected":false},"author":7,"featured_media":9949,"comment_status":"closed","ping_status":"open","sticky":false,"template":"","format":"standard","meta":{"colormag_page_container_layout":"default_layout","colormag_page_sidebar_layout":"default_layout","inline_featured_image":false,"ngg_post_thumbnail":0,"footnotes":""},"categories":[29,99,102,96,190],"tags":[176,201,56],"class_list":["post-9948","post","type-post","status-publish","format-standard","has-post-thumbnail","hentry","category-clanky","category-clanky-akce","category-clanky-tabory","category-stalo_se","category-stalo-se-2026","tag-176","tag-louka","tag-tabory"],"_links":{"self":[{"href":"https:\/\/takpraha.cz\/index.php\/wp-json\/wp\/v2\/posts\/9948","targetHints":{"allow":["GET"]}}],"collection":[{"href":"https:\/\/takpraha.cz\/index.php\/wp-json\/wp\/v2\/posts"}],"about":[{"href":"https:\/\/takpraha.cz\/index.php\/wp-json\/wp\/v2\/types\/post"}],"author":[{"embeddable":true,"href":"https:\/\/takpraha.cz\/index.php\/wp-json\/wp\/v2\/users\/7"}],"replies":[{"embeddable":true,"href":"https:\/\/takpraha.cz\/index.php\/wp-json\/wp\/v2\/comments?post=9948"}],"version-history":[{"count":3,"href":"https:\/\/takpraha.cz\/index.php\/wp-json\/wp\/v2\/posts\/9948\/revisions"}],"predecessor-version":[{"id":9952,"href":"https:\/\/takpraha.cz\/index.php\/wp-json\/wp\/v2\/posts\/9948\/revisions\/9952"}],"wp:featuredmedia":[{"embeddable":true,"href":"https:\/\/takpraha.cz\/index.php\/wp-json\/wp\/v2\/media\/9949"}],"wp:attachment":[{"href":"https:\/\/takpraha.cz\/index.php\/wp-json\/wp\/v2\/media?parent=9948"}],"wp:term":[{"taxonomy":"category","embeddable":true,"href":"https:\/\/takpraha.cz\/index.php\/wp-json\/wp\/v2\/categories?post=9948"},{"taxonomy":"post_tag","embeddable":true,"href":"https:\/\/takpraha.cz\/index.php\/wp-json\/wp\/v2\/tags?post=9948"}],"curies":[{"name":"wp","href":"https:\/\/api.w.org\/{rel}","templated":true}]}}