{"id":9954,"date":"2026-08-16T11:32:00","date_gmt":"2026-08-16T09:32:00","guid":{"rendered":"https:\/\/takpraha.cz\/?p=9954"},"modified":"2026-09-04T12:36:39","modified_gmt":"2026-09-04T10:36:39","slug":"fenixove-mezi-bandity-divokeho-zapadu","status":"publish","type":"post","link":"https:\/\/takpraha.cz\/index.php\/2026\/08\/16\/fenixove-mezi-bandity-divokeho-zapadu\/","title":{"rendered":"F\u00e9nixov\u00e9 mezi Bandity Divok\u00e9ho Z\u00e1padu"},"content":{"rendered":"\nngg_shortcode_0_placeholder\n\n\n\n<p class=\"wp-block-paragraph\">M\u00e1me za sebou u\u017e 12. t\u00e1bor, letos jsme se p\u0159enesli do doby Bandit\u016f Divok\u00e9ho z\u00e1padu. A co v\u00e1m budu pov\u00eddat, byla to n\u011bkdy divo\u010dina.<\/p>\n\n\n\n<p class=\"wp-block-paragraph\">Nechyb\u011bl obl\u00edben\u00fd Saloon s casinem, za\u017eili jsme l\u00edt\u00e9 bitvy i drsn\u00e9 p\u0159est\u0159elky. Zkou\u0161eli jsme telegrafov\u00e1n\u00ed, cv\u00e1lali jako Pony Express a do\u0161lo i na nap\u00ednav\u00e9 p\u0159epaden\u00ed dostavn\u00edku a vyloupen\u00ed banky. V\u0161ichni padou\u0161i z Reward\u016f byli \u00fasp\u011b\u0161n\u011b odhaleni a dopadeni. A my jsme nakonec se zlatem zd\u00e1rn\u011b prchli a\u017e do Mexika! N\u00e1sledovala zaslou\u017een\u00e1 mexick\u00e1 p\u00e1rty s tortillami i pravou pi\u0148atou. Krom\u011b t\u00e9hle divo\u010diny nechyb\u011bl ani tradi\u010dn\u00ed dvoude\u0148\u00e1k, no\u010dn\u00ed hl\u00eddky a dovednosti v\u0161eho druhu. Hr\u00e1lo se Ringo i \u0160roubov\u00e1k.<\/p>\n\n\n\n<p class=\"wp-block-paragraph\">T\u00e1bor se n\u00e1m pon\u011bkud omlazuje a na\u0161i odrostl\u00edci se zapojuj\u00ed do pl\u00e1nov\u00e1n\u00ed i organizace t\u00e1bor\u016f.<\/p>\n\n\n\n<p class=\"wp-block-paragraph\">P\u0159\u00edroda n\u00e1s letos sice trochu potr\u00e1pila suchem, na potok byl vylo\u017een\u011b smutn\u00fd pohled \u2013 m\u00edsty se t\u00e9m\u011b\u0159 ztr\u00e1cel. Na\u0161t\u011bst\u00ed n\u00e1s ale zachr\u00e1nila na\u0161e \u00fa\u017easn\u00e1 p\u0159ehrada, kter\u00e1 to jako v\u017edycky jistila. A les? Ten byl tak stra\u0161n\u011b vyprahl\u00fd, \u017ee bor\u016fvky \u0161lo letos sb\u00edrat rovnou su\u0161en\u00e9. Aby toho nebylo m\u00e1lo, svedli jsme je\u0161t\u011b jeden, o dost urputn\u011bj\u0161\u00ed boj \u2013 nekone\u010dn\u00fd souboj s vosami. Letos to byl toti\u017e vylo\u017een\u011b vos\u00ed rok a tak\u0159ka nikdo z n\u00e1s nevyv\u00e1zl bez \u017eihadla!<\/p>\n\n\n\n<p class=\"wp-block-paragraph\">I letos n\u00e1s nav\u0161t\u00edvili brat\u0159i Pellarovi a my jsme zase nav\u0161t\u011bvovali na\u0161i Jaru\u0161ku Pupkovou v hospod\u011b v Nesm\u011bni. Nen\u00ed nad dobr\u00e9 vztahy, kter\u00e9 se sna\u017e\u00edme udr\u017eovat.<\/p>\n\n\n\n<p class=\"wp-block-paragraph\">A na z\u00e1v\u011br jedna d\u016fle\u017eit\u00e1 zpr\u00e1va! R\u00e1di bychom roz\u0161\u00ed\u0159ili na\u0161e \u0159ady. Hled\u00e1me dal\u0161\u00ed F\u00e9nixe \u2013 kluky a holky po prvn\u00ed t\u0159\u00edd\u011b, kte\u0159\u00ed se neboj\u00ed dobrodru\u017estv\u00ed. Pokud m\u00e1te n\u011bkoho takov\u00e9ho doma nebo o n\u011bkom v\u00edte, ur\u010dit\u011b se mi ozv\u011bte na mejl: verberka@gmail.com.<\/p>\n\n\n\n<p class=\"wp-block-paragraph\">D\u00edky v\u0161em za leto\u0161n\u00ed par\u00e1dn\u00ed t\u00e1bor, zase se n\u00e1m to povedlo. Tak hur\u00e1 do 13. sez\u00f3ny!<\/p>\n\n\n\n<p class=\"wp-block-paragraph\">Ver\u010da Jiravov\u00e1 \u2013 F\u00e9nixov\u00e9 (T20)<br><br><a href=\"https:\/\/photos.app.goo.gl\/BHTd8FmnsU9CZhdKA\">cel\u00e9 fotoalbum<\/a><\/p>\n\n\n\n<p class=\"wp-block-paragraph\"><\/p>\n","protected":false},"excerpt":{"rendered":"<p>M\u00e1me za sebou u\u017e 12. t\u00e1bor, letos jsme se p\u0159enesli do doby Bandit\u016f Divok\u00e9ho z\u00e1padu. A co v\u00e1m budu pov\u00eddat,<\/p>\n","protected":false},"author":7,"featured_media":10018,"comment_status":"closed","ping_status":"open","sticky":false,"template":"","format":"standard","meta":{"colormag_page_container_layout":"default_layout","colormag_page_sidebar_layout":"default_layout","inline_featured_image":false,"ngg_post_thumbnail":0,"footnotes":""},"categories":[69,99,102,8,96,190],"tags":[176,165,101,56],"class_list":["post-9954","post","type-post","status-publish","format-standard","has-post-thumbnail","hentry","category-akce","category-clanky-akce","category-clanky-tabory","category-fotogalerie","category-stalo_se","category-stalo-se-2026","tag-176","tag-fenixove","tag-stalo-se","tag-tabory"],"_links":{"self":[{"href":"https:\/\/takpraha.cz\/index.php\/wp-json\/wp\/v2\/posts\/9954","targetHints":{"allow":["GET"]}}],"collection":[{"href":"https:\/\/takpraha.cz\/index.php\/wp-json\/wp\/v2\/posts"}],"about":[{"href":"https:\/\/takpraha.cz\/index.php\/wp-json\/wp\/v2\/types\/post"}],"author":[{"embeddable":true,"href":"https:\/\/takpraha.cz\/index.php\/wp-json\/wp\/v2\/users\/7"}],"replies":[{"embeddable":true,"href":"https:\/\/takpraha.cz\/index.php\/wp-json\/wp\/v2\/comments?post=9954"}],"version-history":[{"count":4,"href":"https:\/\/takpraha.cz\/index.php\/wp-json\/wp\/v2\/posts\/9954\/revisions"}],"predecessor-version":[{"id":10027,"href":"https:\/\/takpraha.cz\/index.php\/wp-json\/wp\/v2\/posts\/9954\/revisions\/10027"}],"wp:featuredmedia":[{"embeddable":true,"href":"https:\/\/takpraha.cz\/index.php\/wp-json\/wp\/v2\/media\/10018"}],"wp:attachment":[{"href":"https:\/\/takpraha.cz\/index.php\/wp-json\/wp\/v2\/media?parent=9954"}],"wp:term":[{"taxonomy":"category","embeddable":true,"href":"https:\/\/takpraha.cz\/index.php\/wp-json\/wp\/v2\/categories?post=9954"},{"taxonomy":"post_tag","embeddable":true,"href":"https:\/\/takpraha.cz\/index.php\/wp-json\/wp\/v2\/tags?post=9954"}],"curies":[{"name":"wp","href":"https:\/\/api.w.org\/{rel}","templated":true}]}}